{"id":1000,"date":"2012-12-17T14:02:14","date_gmt":"2012-12-17T14:02:14","guid":{"rendered":"https:\/\/mariapinobrumberg.com\/blog\/?p=1000"},"modified":"2012-12-19T15:11:37","modified_gmt":"2012-12-19T15:11:37","slug":"la-novela-el-legado-de-marie-en-la-que-soy-coautora-ya-esta-viendo-la-luz","status":"publish","type":"post","link":"https:\/\/mariapinobrumberg.com\/blog\/?p=1000","title":{"rendered":"La novela, \u00abEl legado de Marie Schlau\u00bb, en la que soy coautora, \u00a1\u00a1ya est\u00e1 viendo la luz!!&#8230;"},"content":{"rendered":"<p><a href=\"https:\/\/mariapinobrumberg.com\/blog\/wp-content\/uploads\/2012\/12\/+frida.jpg\"><img loading=\"lazy\" decoding=\"async\" class=\"alignleft size-medium wp-image-1001\" title=\"+frida\" src=\"https:\/\/mariapinobrumberg.com\/blog\/wp-content\/uploads\/2012\/12\/+frida-300x226.jpg\" alt=\"\" width=\"300\" height=\"226\" srcset=\"https:\/\/mariapinobrumberg.com\/blog\/wp-content\/uploads\/2012\/12\/+frida-300x226.jpg 300w, https:\/\/mariapinobrumberg.com\/blog\/wp-content\/uploads\/2012\/12\/+frida.jpg 480w\" sizes=\"auto, (max-width: 300px) 100vw, 300px\" \/><\/a><\/p>\n<p>&nbsp;<\/p>\n<p>&nbsp;<\/p>\n<p>&nbsp;<\/p>\n<p>&nbsp;<\/p>\n<p>&nbsp;<\/p>\n<p><strong>\u00a1EL PROYECTO LITERARIO INTERNACIONAL<\/strong>\u00a0<strong> DE BABELFAMILY HECHO REALIDAD!<\/strong><\/p>\n<p>En diciembre de 2010 <em>Mar\u00eda Blasco Gamarra,<\/em> escritora y afectada de <strong>ataxia de Friedreich<\/strong>, se puso en contacto con la asociaci\u00f3n BabelFAmily. Quer\u00eda compartir con nosotros una ambiciosa idea: Escribir una novela con otros autores de cualquier parte del mundo<br \/>\nque padecieran ataxia de Friedreich como ella, y destinar los beneficios a investigaci\u00f3n biom\u00e9dica para curar la enfermedad.<br \/>\nLos autores pod\u00edan escribir en su lengua\u00a0 vern\u00e1cula, ya que la obra ser\u00eda traducida a varios idiomas\u00a0 por el equipo de traductores voluntarios de BabelFAmily.<br \/>\n<strong>\u00a0\u00a0\u00a0 A su iniciativa<em> se sumaron otros escritores<\/em><\/strong>: F\u00e1tima D\u00b4Oliveira (Portugal), Marguerite Black (Sud\u00e1frica), Mar\u00eda<br \/>\nPino Brumberg, Eva y Diego Plaza Gonz\u00e1lez, Ram\u00f3n Herreruela Rold\u00e1n, Inmaculada Priego Priego, Pilar Ana Tolosana, Kristina Zarrantz Elizalde y M\u00aa Luz Gonz\u00e1lez Casas (Espa\u00f1a), Jamie Leigh Hansen y Susan C. Allen (EEUU), Nicola Batty y Sarah Allen (Reino Unido) Claudia Parada (M\u00e9xico) y Rebecca Stant (Australia). Cada autor\/a ha redactado un cap\u00edtulo de la obra siguiendo una trama<br \/>\nmuy sencilla a modo de hilo conductor que confiere unidad al relato sin constre\u00f1ir la libertad creadora ni el estilo de cada autor. Un viaje en el tiempo y en el espacio que nos ir\u00e1 desvelando un enigma, un terrible secreto sepultado durante m\u00e1s de un siglo.<br \/>\nDurante estos dos a\u00f1os de andadura han compartido ilusiones y alegr\u00edas, adem\u00e1s de m\u00faltiples vivencias personales y enriquecedoras experiencias literarias, pero tambi\u00e9n han llorado la muerte de la escritora <strong><em>Nicola<\/em><\/strong>\u00a0<strong><em> Batti<\/em>,<\/strong> que lamentablemente no pudo superar la \u00faltima crisis causada por la ataxia de Friedreich. <strong>\u201cOjal\u00e1 que el<\/strong>\u00a0<strong> lugar donde se encuentre ahora sea tan hermoso como<\/strong><br \/>\n<strong> su prosa.\u201d<\/strong><br \/>\nToda persona sensible se sentir\u00e1 cautivada por la fuerza y af\u00e1n de superaci\u00f3n de estos entusiastas de las letras. Nos seducen con la sensibilidad de su prosa y la intriga de su relato. Y esta aventura no ha hecho m\u00e1s que empezar. Tienen una s\u00f3lida formaci\u00f3n universitaria y varios libros publicados. Est\u00e1n realizando un esfuerzo tit\u00e1nico, teniendo en cuenta que para la mayor\u00eda pulsar una tecla del ordenador se convierte en todo un reto&#8230; pero siguen adelante, a pesar de saber que la vida es un bien fr\u00e1gil cuando se tiene ataxia. O<br \/>\nquiz\u00e1s, precisamente por eso: Son conscientes de que la vida es un soplo y no se puede perder un minuto.<br \/>\n<em><strong>\u00a0\u00a0\u00a0 Si ellas pueden hacer todo esto \u00bfc\u00f3mo no vamos a ayudar los que tenemos la fortuna de estar sanos?<\/strong><\/em><br \/>\nComo ciudadanos, no podemos mirar hacia otro lado. Confiamos en poder dar la m\u00e1xima difusi\u00f3n a esta noble y leg\u00edtima iniciativa, cuyo objetivo es curar una enfermedad.<\/p>\n<p><strong>EL LEGADO DE MARIE\u00a0 SCHLAU <\/strong><\/p>\n<p><strong>\u00a0\u00a0 <\/strong>La historia comienza en EEUU en la primera mitad del siglo XX, para retroceder de forma ingeniosa, al territorio alem\u00e1n de principios del siglo XIX. La existencia de Marie Schlau, jud\u00eda-alemana nacida en 1833 esconde grandes misterios sin resolver:<br \/>\naccidentes, desapariciones enigm\u00e1ticas, diagn\u00f3sticos desconocidos,<br \/>\ninquietantes asesinatos, amor, ternura, ambici\u00f3n, mentiras, muerte&#8230;<br \/>\nAlternativamente se va desarrollando otra historia cotidiana y m\u00e1s<br \/>\ncercana a la actualidad. De este modo, se presentan dos historias<br \/>\nparalelas, en distintos siglos y lugares, que sorprendentemente,<br \/>\nconfluyen en un revelador cap\u00edtulo. Por supuesto, la Ataxia de<br \/>\nFriedreich es un importante e interesante protagonista en ambas<br \/>\nhistorias. La emoci\u00f3n est\u00e1 servida, no te la puedes perder.<\/p>\n<p><iframe loading=\"lazy\" src=\"http:\/\/www.youtube.com\/embed\/CQPqhmpXer0\" frameborder=\"0\" width=\"560\" height=\"315\"><\/iframe><\/p>\n<p><em>Mery<\/em> <a href=\"https:\/\/mariapinobrumberg.com\/blog\/wp-content\/uploads\/2012\/12\/EL-M\u00cdO2.png\"><img loading=\"lazy\" decoding=\"async\" class=\"alignleft size-thumbnail wp-image-1002\" title=\"EL M\u00cdO\" src=\"https:\/\/mariapinobrumberg.com\/blog\/wp-content\/uploads\/2012\/12\/EL-M\u00cdO2-150x132.png\" alt=\"\" width=\"150\" height=\"132\" \/><\/a><\/p>\n","protected":false},"excerpt":{"rendered":"<p>&nbsp; &nbsp; &nbsp; &nbsp; &nbsp; \u00a1EL PROYECTO LITERARIO INTERNACIONAL\u00a0 DE BABELFAMILY HECHO REALIDAD! En diciembre de 2010 Mar\u00eda Blasco Gamarra, escritora y afectada de ataxia de Friedreich, se puso en contacto con la asociaci\u00f3n BabelFAmily. Quer\u00eda compartir con nosotros una &hellip; <a href=\"https:\/\/mariapinobrumberg.com\/blog\/?p=1000\">Sigue leyendo <span class=\"meta-nav\">&rarr;<\/span><\/a><\/p>\n","protected":false},"author":1,"featured_media":0,"comment_status":"open","ping_status":"open","sticky":false,"template":"","format":"standard","meta":{"footnotes":""},"categories":[12],"tags":[],"class_list":["post-1000","post","type-post","status-publish","format-standard","hentry","category-proyecto-literario-para-recaudar-fondos-para-la-investigacion-de-la-ataxia-de-friedreich"],"_links":{"self":[{"href":"https:\/\/mariapinobrumberg.com\/blog\/index.php?rest_route=\/wp\/v2\/posts\/1000","targetHints":{"allow":["GET"]}}],"collection":[{"href":"https:\/\/mariapinobrumberg.com\/blog\/index.php?rest_route=\/wp\/v2\/posts"}],"about":[{"href":"https:\/\/mariapinobrumberg.com\/blog\/index.php?rest_route=\/wp\/v2\/types\/post"}],"author":[{"embeddable":true,"href":"https:\/\/mariapinobrumberg.com\/blog\/index.php?rest_route=\/wp\/v2\/users\/1"}],"replies":[{"embeddable":true,"href":"https:\/\/mariapinobrumberg.com\/blog\/index.php?rest_route=%2Fwp%2Fv2%2Fcomments&post=1000"}],"version-history":[{"count":5,"href":"https:\/\/mariapinobrumberg.com\/blog\/index.php?rest_route=\/wp\/v2\/posts\/1000\/revisions"}],"predecessor-version":[{"id":1007,"href":"https:\/\/mariapinobrumberg.com\/blog\/index.php?rest_route=\/wp\/v2\/posts\/1000\/revisions\/1007"}],"wp:attachment":[{"href":"https:\/\/mariapinobrumberg.com\/blog\/index.php?rest_route=%2Fwp%2Fv2%2Fmedia&parent=1000"}],"wp:term":[{"taxonomy":"category","embeddable":true,"href":"https:\/\/mariapinobrumberg.com\/blog\/index.php?rest_route=%2Fwp%2Fv2%2Fcategories&post=1000"},{"taxonomy":"post_tag","embeddable":true,"href":"https:\/\/mariapinobrumberg.com\/blog\/index.php?rest_route=%2Fwp%2Fv2%2Ftags&post=1000"}],"curies":[{"name":"wp","href":"https:\/\/api.w.org\/{rel}","templated":true}]}}