{"id":1009,"date":"2012-12-20T13:50:34","date_gmt":"2012-12-20T13:50:34","guid":{"rendered":"https:\/\/mariapinobrumberg.com\/blog\/?p=1009"},"modified":"2012-12-20T13:52:39","modified_gmt":"2012-12-20T13:52:39","slug":"entrevista-en-la-revista-asm-de-diciembre-2012","status":"publish","type":"post","link":"https:\/\/mariapinobrumberg.com\/blog\/?p=1009","title":{"rendered":"Entrevista en la revista ASM, de diciembre 2012"},"content":{"rendered":"<p><a href=\"https:\/\/mariapinobrumberg.com\/blog\/wp-content\/uploads\/2012\/12\/ASM-diciembre.jpg\"><img loading=\"lazy\" decoding=\"async\" src=\"https:\/\/mariapinobrumberg.com\/blog\/wp-content\/uploads\/2012\/12\/ASM-diciembre.jpg\" alt=\"\" title=\"ASM diciembre\" width=\"741\" height=\"482\" class=\"aligncenter size-full wp-image-1010\" srcset=\"https:\/\/mariapinobrumberg.com\/blog\/wp-content\/uploads\/2012\/12\/ASM-diciembre.jpg 741w, https:\/\/mariapinobrumberg.com\/blog\/wp-content\/uploads\/2012\/12\/ASM-diciembre-300x195.jpg 300w\" sizes=\"auto, (max-width: 741px) 100vw, 741px\" \/><\/a><\/p>\n<p>   Ya sali\u00f3 la revista, la escrib\u00ed d\u00edas antes de presentar YO VINE AQU\u00cd A LUCHAR en Madrid&#8230;<br \/>\n   Espero que tenga buena distribuci\u00f3n nacional. \u00bfLa hab\u00e9is visto?<\/p>\n<p><em>Mery<\/em>            <a href=\"https:\/\/mariapinobrumberg.com\/blog\/wp-content\/uploads\/2012\/12\/EL-M\u00cdO3.png\"><img loading=\"lazy\" decoding=\"async\" src=\"https:\/\/mariapinobrumberg.com\/blog\/wp-content\/uploads\/2012\/12\/EL-M\u00cdO3-150x132.png\" alt=\"\" title=\"EL M\u00cdO\" width=\"150\" height=\"132\" class=\"aligncenter size-thumbnail wp-image-1012\" \/><\/a><\/p>\n","protected":false},"excerpt":{"rendered":"<p>Ya sali\u00f3 la revista, la escrib\u00ed d\u00edas antes de presentar YO VINE AQU\u00cd A LUCHAR en Madrid&#8230; Espero que tenga buena distribuci\u00f3n nacional. \u00bfLa hab\u00e9is visto? Mery<\/p>\n","protected":false},"author":1,"featured_media":0,"comment_status":"open","ping_status":"open","sticky":false,"template":"","format":"standard","meta":{"footnotes":""},"categories":[9,16],"tags":[],"class_list":["post-1009","post","type-post","status-publish","format-standard","hentry","category-entrevistas","category-yo-vine-aqui-a-luchar"],"_links":{"self":[{"href":"https:\/\/mariapinobrumberg.com\/blog\/index.php?rest_route=\/wp\/v2\/posts\/1009","targetHints":{"allow":["GET"]}}],"collection":[{"href":"https:\/\/mariapinobrumberg.com\/blog\/index.php?rest_route=\/wp\/v2\/posts"}],"about":[{"href":"https:\/\/mariapinobrumberg.com\/blog\/index.php?rest_route=\/wp\/v2\/types\/post"}],"author":[{"embeddable":true,"href":"https:\/\/mariapinobrumberg.com\/blog\/index.php?rest_route=\/wp\/v2\/users\/1"}],"replies":[{"embeddable":true,"href":"https:\/\/mariapinobrumberg.com\/blog\/index.php?rest_route=%2Fwp%2Fv2%2Fcomments&post=1009"}],"version-history":[{"count":3,"href":"https:\/\/mariapinobrumberg.com\/blog\/index.php?rest_route=\/wp\/v2\/posts\/1009\/revisions"}],"predecessor-version":[{"id":1014,"href":"https:\/\/mariapinobrumberg.com\/blog\/index.php?rest_route=\/wp\/v2\/posts\/1009\/revisions\/1014"}],"wp:attachment":[{"href":"https:\/\/mariapinobrumberg.com\/blog\/index.php?rest_route=%2Fwp%2Fv2%2Fmedia&parent=1009"}],"wp:term":[{"taxonomy":"category","embeddable":true,"href":"https:\/\/mariapinobrumberg.com\/blog\/index.php?rest_route=%2Fwp%2Fv2%2Fcategories&post=1009"},{"taxonomy":"post_tag","embeddable":true,"href":"https:\/\/mariapinobrumberg.com\/blog\/index.php?rest_route=%2Fwp%2Fv2%2Ftags&post=1009"}],"curies":[{"name":"wp","href":"https:\/\/api.w.org\/{rel}","templated":true}]}}