{"id":1016,"date":"2012-12-26T21:57:12","date_gmt":"2012-12-26T21:57:12","guid":{"rendered":"https:\/\/mariapinobrumberg.com\/blog\/?p=1016"},"modified":"2012-12-26T22:01:08","modified_gmt":"2012-12-26T22:01:08","slug":"making-off-para-un-calendario-2013-de-mujeres-canarias-luchadoras-en-la-vida","status":"publish","type":"post","link":"https:\/\/mariapinobrumberg.com\/blog\/?p=1016","title":{"rendered":"Making off para un calendario 2013 de mujeres canarias luchadoras en la vida"},"content":{"rendered":"<p><a href=\"https:\/\/mariapinobrumberg.com\/blog\/wp-content\/uploads\/2012\/12\/67794_466202250088048_1541798009_n.jpg\"><img loading=\"lazy\" decoding=\"async\" src=\"https:\/\/mariapinobrumberg.com\/blog\/wp-content\/uploads\/2012\/12\/67794_466202250088048_1541798009_n-199x300.jpg\" alt=\"\" title=\"67794_466202250088048_1541798009_n\" width=\"199\" height=\"300\" class=\"aligncenter size-medium wp-image-1017\" srcset=\"https:\/\/mariapinobrumberg.com\/blog\/wp-content\/uploads\/2012\/12\/67794_466202250088048_1541798009_n-199x300.jpg 199w, https:\/\/mariapinobrumberg.com\/blog\/wp-content\/uploads\/2012\/12\/67794_466202250088048_1541798009_n.jpg 639w\" sizes=\"auto, (max-width: 199px) 100vw, 199px\" \/><\/a>Estas son algunas de las fotos que me hizo la fot\u00f3grafa Bego\u00f1a Alonso P\u00e9rez para un calendedario cultural sobre mujeres canarias que hemos luchado por nuestros sue\u00f1os, y seguimos en ello jejeje. \u00a1Espero que llegue a tiempo!, ser\u00eda enero \ud83d\ude09<\/p>\n<p>Fue un d\u00eda incre\u00edble en las \u00c1guilas del Teide (sur de Tenerife), una gran experiencia tener tan de cerca a tantas aves rapaces&#8230; no me dio nada de miedo,  en cambio me sent\u00ed un poco identificada con algunas, compartimos algo de l\u00edmites&#8230; buf esas miraditas&#8230;<\/p>\n<p>Besitos a todos<br \/>\n<em>Mery<\/em>        <\/p>\n<p><iframe loading=\"lazy\" width=\"560\" height=\"315\" src=\"http:\/\/www.youtube.com\/embed\/ZxOcPmwhYGg\" frameborder=\"0\" allowfullscreen><\/iframe><\/p>\n","protected":false},"excerpt":{"rendered":"<p>Estas son algunas de las fotos que me hizo la fot\u00f3grafa Bego\u00f1a Alonso P\u00e9rez para un calendedario cultural sobre mujeres canarias que hemos luchado por nuestros sue\u00f1os, y seguimos en ello jejeje. \u00a1Espero que llegue a tiempo!, ser\u00eda enero \ud83d\ude09 &hellip; <a href=\"https:\/\/mariapinobrumberg.com\/blog\/?p=1016\">Sigue leyendo <span class=\"meta-nav\">&rarr;<\/span><\/a><\/p>\n","protected":false},"author":1,"featured_media":0,"comment_status":"open","ping_status":"open","sticky":false,"template":"","format":"standard","meta":{"footnotes":""},"categories":[16],"tags":[],"class_list":["post-1016","post","type-post","status-publish","format-standard","hentry","category-yo-vine-aqui-a-luchar"],"_links":{"self":[{"href":"https:\/\/mariapinobrumberg.com\/blog\/index.php?rest_route=\/wp\/v2\/posts\/1016","targetHints":{"allow":["GET"]}}],"collection":[{"href":"https:\/\/mariapinobrumberg.com\/blog\/index.php?rest_route=\/wp\/v2\/posts"}],"about":[{"href":"https:\/\/mariapinobrumberg.com\/blog\/index.php?rest_route=\/wp\/v2\/types\/post"}],"author":[{"embeddable":true,"href":"https:\/\/mariapinobrumberg.com\/blog\/index.php?rest_route=\/wp\/v2\/users\/1"}],"replies":[{"embeddable":true,"href":"https:\/\/mariapinobrumberg.com\/blog\/index.php?rest_route=%2Fwp%2Fv2%2Fcomments&post=1016"}],"version-history":[{"count":4,"href":"https:\/\/mariapinobrumberg.com\/blog\/index.php?rest_route=\/wp\/v2\/posts\/1016\/revisions"}],"predecessor-version":[{"id":1020,"href":"https:\/\/mariapinobrumberg.com\/blog\/index.php?rest_route=\/wp\/v2\/posts\/1016\/revisions\/1020"}],"wp:attachment":[{"href":"https:\/\/mariapinobrumberg.com\/blog\/index.php?rest_route=%2Fwp%2Fv2%2Fmedia&parent=1016"}],"wp:term":[{"taxonomy":"category","embeddable":true,"href":"https:\/\/mariapinobrumberg.com\/blog\/index.php?rest_route=%2Fwp%2Fv2%2Fcategories&post=1016"},{"taxonomy":"post_tag","embeddable":true,"href":"https:\/\/mariapinobrumberg.com\/blog\/index.php?rest_route=%2Fwp%2Fv2%2Ftags&post=1016"}],"curies":[{"name":"wp","href":"https:\/\/api.w.org\/{rel}","templated":true}]}}