{"id":1061,"date":"2013-04-24T12:30:59","date_gmt":"2013-04-24T12:30:59","guid":{"rendered":"https:\/\/mariapinobrumberg.com\/blog\/?p=1061"},"modified":"2013-04-24T12:30:59","modified_gmt":"2013-04-24T12:30:59","slug":"charla-en-el-ies-el-sobradillo-tenerife-el-25-de-abril-2013","status":"publish","type":"post","link":"https:\/\/mariapinobrumberg.com\/blog\/?p=1061","title":{"rendered":"Charla en el IES El Sobradillo, Tenerife; el 25 de abril 2013"},"content":{"rendered":"<p><a href=\"https:\/\/mariapinobrumberg.com\/blog\/wp-content\/uploads\/2013\/04\/Cartel-Ma..-copia.jpg\"><img loading=\"lazy\" decoding=\"async\" src=\"https:\/\/mariapinobrumberg.com\/blog\/wp-content\/uploads\/2013\/04\/Cartel-Ma..-copia-723x1024.jpg\" alt=\"\" title=\"Cartel Ma.. - copia\" width=\"640\" height=\"906\" class=\"alignleft size-large wp-image-1062\" srcset=\"https:\/\/mariapinobrumberg.com\/blog\/wp-content\/uploads\/2013\/04\/Cartel-Ma..-copia-723x1024.jpg 723w, https:\/\/mariapinobrumberg.com\/blog\/wp-content\/uploads\/2013\/04\/Cartel-Ma..-copia-212x300.jpg 212w, https:\/\/mariapinobrumberg.com\/blog\/wp-content\/uploads\/2013\/04\/Cartel-Ma..-copia.jpg 1600w\" sizes=\"auto, (max-width: 640px) 100vw, 640px\" \/><\/a><\/p>\n<p>La charla ser\u00e1 ma\u00f1ana a las 12.15 a.m en el IES El Sobradillo, para alumnos de 3\u00ba y 4\u00ba de la E.S.O. Puede venir gente de fuera del colegio, pero porfi conf\u00edrmenme por aqu\u00ed, llevar\u00e9 ejemplares!!<br \/>\nBesitos<br \/>\nMery       <a href=\"https:\/\/mariapinobrumberg.com\/blog\/wp-content\/uploads\/2013\/04\/EL-M\u00cdO1.png\"><img loading=\"lazy\" decoding=\"async\" src=\"https:\/\/mariapinobrumberg.com\/blog\/wp-content\/uploads\/2013\/04\/EL-M\u00cdO1-150x132.png\" alt=\"\" title=\"EL M\u00cdO\" width=\"150\" height=\"132\" class=\"alignleft size-thumbnail wp-image-1064\" \/><\/a><\/p>\n","protected":false},"excerpt":{"rendered":"<p>La charla ser\u00e1 ma\u00f1ana a las 12.15 a.m en el IES El Sobradillo, para alumnos de 3\u00ba y 4\u00ba de la E.S.O. Puede venir gente de fuera del colegio, pero porfi conf\u00edrmenme por aqu\u00ed, llevar\u00e9 ejemplares!! Besitos Mery<\/p>\n","protected":false},"author":1,"featured_media":0,"comment_status":"open","ping_status":"open","sticky":false,"template":"","format":"standard","meta":{"footnotes":""},"categories":[6,16],"tags":[],"class_list":["post-1061","post","type-post","status-publish","format-standard","hentry","category-conferenciasponencias","category-yo-vine-aqui-a-luchar"],"_links":{"self":[{"href":"https:\/\/mariapinobrumberg.com\/blog\/index.php?rest_route=\/wp\/v2\/posts\/1061","targetHints":{"allow":["GET"]}}],"collection":[{"href":"https:\/\/mariapinobrumberg.com\/blog\/index.php?rest_route=\/wp\/v2\/posts"}],"about":[{"href":"https:\/\/mariapinobrumberg.com\/blog\/index.php?rest_route=\/wp\/v2\/types\/post"}],"author":[{"embeddable":true,"href":"https:\/\/mariapinobrumberg.com\/blog\/index.php?rest_route=\/wp\/v2\/users\/1"}],"replies":[{"embeddable":true,"href":"https:\/\/mariapinobrumberg.com\/blog\/index.php?rest_route=%2Fwp%2Fv2%2Fcomments&post=1061"}],"version-history":[{"count":1,"href":"https:\/\/mariapinobrumberg.com\/blog\/index.php?rest_route=\/wp\/v2\/posts\/1061\/revisions"}],"predecessor-version":[{"id":1065,"href":"https:\/\/mariapinobrumberg.com\/blog\/index.php?rest_route=\/wp\/v2\/posts\/1061\/revisions\/1065"}],"wp:attachment":[{"href":"https:\/\/mariapinobrumberg.com\/blog\/index.php?rest_route=%2Fwp%2Fv2%2Fmedia&parent=1061"}],"wp:term":[{"taxonomy":"category","embeddable":true,"href":"https:\/\/mariapinobrumberg.com\/blog\/index.php?rest_route=%2Fwp%2Fv2%2Fcategories&post=1061"},{"taxonomy":"post_tag","embeddable":true,"href":"https:\/\/mariapinobrumberg.com\/blog\/index.php?rest_route=%2Fwp%2Fv2%2Ftags&post=1061"}],"curies":[{"name":"wp","href":"https:\/\/api.w.org\/{rel}","templated":true}]}}