{"id":1067,"date":"2013-04-30T12:20:12","date_gmt":"2013-04-30T12:20:12","guid":{"rendered":"https:\/\/mariapinobrumberg.com\/blog\/?p=1067"},"modified":"2013-04-30T12:20:12","modified_gmt":"2013-04-30T12:20:12","slug":"vivir-es-imaginar-que-podemos-cambiar-las-cosas","status":"publish","type":"post","link":"https:\/\/mariapinobrumberg.com\/blog\/?p=1067","title":{"rendered":"Vivir es imaginar que podemos cambiar las cosas."},"content":{"rendered":"<p><a href=\"https:\/\/mariapinobrumberg.com\/blog\/wp-content\/uploads\/2013\/04\/SAM_0212.jpg\"><img loading=\"lazy\" decoding=\"async\" src=\"https:\/\/mariapinobrumberg.com\/blog\/wp-content\/uploads\/2013\/04\/SAM_0212-300x225.jpg\" alt=\"\" title=\"SAM_0212\" width=\"300\" height=\"225\" class=\"alignleft size-medium wp-image-1068\" srcset=\"https:\/\/mariapinobrumberg.com\/blog\/wp-content\/uploads\/2013\/04\/SAM_0212-300x225.jpg 300w, https:\/\/mariapinobrumberg.com\/blog\/wp-content\/uploads\/2013\/04\/SAM_0212.jpg 1024w\" sizes=\"auto, (max-width: 300px) 100vw, 300px\" \/><\/a>  Me gustar\u00eda compartir con los internautas la gran satisfacci\u00f3n que me produjo el haber vuelto a ser invitada, por tercer a\u00f1o consecutivo, a dar una charla a alumnos de varios cursos del <em>IES El Sobradillo.<\/em> Fue todo un \u00e9xito, para m\u00ed, y por lo que sent\u00ed y me confirmaron despu\u00e9s, tambi\u00e9n para el centro.<\/p>\n<p>  <em> Hac\u00eda un a\u00f1o que no acud\u00eda a ning\u00fan centro educativo para compartir mis logros y batallas diarias con los alumnos<\/em>; y cuando me llamaron de la <strong>Oficina del Voluntariado<\/strong> para confirmar mi colaboraci\u00f3n en varios centros que estaban interesados en que asistiera, me produjo mucha ilusi\u00f3n poder seguir tratando de participar en el crecimiento emocional de estos j\u00f3venes.<\/p>\n<p>   Me llam\u00f3 Idaira, profesora del IES El Sobradillo, y all\u00ed fui el pasado jueves, sinti\u00e9ndome privilegiada por esta oportunidad de tratar de transmitirles a nuevos alumnos mi esp\u00edritu de lucha, con el objetivo de que todo el colectivo de las personas con discapacidad estemos cada vez m\u00e1s integrados en todos los \u00e1mbitos de la vida social.<\/p>\n<p>  <em> En el trasfondo de todas mis palabras se halla un mensaje, el de descubrir el enorme poder que todos tenemos dentro<\/em>, <strong>la voluntad, las ganas.<\/strong> Yo pongo de mi parte para sensibilizar a la poblaci\u00f3n y contribuir, en la medida en que puedo, a que este mundo sea, de verdad, un mundo para todos, en el que las personas con discapacidad estemos integradas en todos los aspectos y no s\u00f3lo en los papeles. S\u00e9 que a todos nos asustan los cambios. Pero <strong>cambiar es crecer<\/strong>.<\/p>\n<p> A trav\u00e9s de este acto he colaborado con el<strong> \u00c1rea de Acci\u00f3n Social, Educaci\u00f3n, Juventud, Igualdad, Cultura y Deportes del Cabildo de Tenerife<\/strong>. Tambi\u00e9n con la <strong>Sociedad Insular para la Promoci\u00f3n de las Personas con Discapacidad (SINPROMI), <\/strong>y con la <strong>Oficina del Voluntariado \u201cTenerife Solidario\u201d.<\/strong> <\/p>\n<p> <em> Espero que sigan realiz\u00e1ndose m\u00e1s\u2026<\/em><\/p>\n<p>   Adjunto unas fotos que sacaron y que retoqu\u00e9 intentando mejorar la calidad\u2026.<br \/>\n<a href=\"https:\/\/mariapinobrumberg.com\/blog\/wp-content\/uploads\/2013\/04\/31.jpg\"><img loading=\"lazy\" decoding=\"async\" src=\"https:\/\/mariapinobrumberg.com\/blog\/wp-content\/uploads\/2013\/04\/31-300x200.jpg\" alt=\"\" title=\"D\u00e1ndolo todo\" width=\"300\" height=\"200\" class=\"alignleft size-medium wp-image-1071\" srcset=\"https:\/\/mariapinobrumberg.com\/blog\/wp-content\/uploads\/2013\/04\/31-300x200.jpg 300w, https:\/\/mariapinobrumberg.com\/blog\/wp-content\/uploads\/2013\/04\/31-1024x683.jpg 1024w, https:\/\/mariapinobrumberg.com\/blog\/wp-content\/uploads\/2013\/04\/31.jpg 1143w\" sizes=\"auto, (max-width: 300px) 100vw, 300px\" \/><\/a><br \/>\n<a href=\"https:\/\/mariapinobrumberg.com\/blog\/wp-content\/uploads\/2013\/04\/SAM_0209.jpg\"><img loading=\"lazy\" decoding=\"async\" src=\"https:\/\/mariapinobrumberg.com\/blog\/wp-content\/uploads\/2013\/04\/SAM_0209-300x225.jpg\" alt=\"\" title=\"Alegr\u00eda, esfuerzo, detallles e ilusi\u00f3n...\" width=\"300\" height=\"225\" class=\"alignleft size-medium wp-image-1072\" srcset=\"https:\/\/mariapinobrumberg.com\/blog\/wp-content\/uploads\/2013\/04\/SAM_0209-300x225.jpg 300w, https:\/\/mariapinobrumberg.com\/blog\/wp-content\/uploads\/2013\/04\/SAM_0209.jpg 1024w\" sizes=\"auto, (max-width: 300px) 100vw, 300px\" \/><\/a><br \/>\n<a href=\"https:\/\/mariapinobrumberg.com\/blog\/wp-content\/uploads\/2013\/04\/SAM_0214.jpg\"><img loading=\"lazy\" decoding=\"async\" src=\"https:\/\/mariapinobrumberg.com\/blog\/wp-content\/uploads\/2013\/04\/SAM_0214-300x220.jpg\" alt=\"\" title=\"Se me nota en el acento...\" width=\"300\" height=\"220\" class=\"alignleft size-medium wp-image-1073\" srcset=\"https:\/\/mariapinobrumberg.com\/blog\/wp-content\/uploads\/2013\/04\/SAM_0214-300x220.jpg 300w, https:\/\/mariapinobrumberg.com\/blog\/wp-content\/uploads\/2013\/04\/SAM_0214.jpg 842w\" sizes=\"auto, (max-width: 300px) 100vw, 300px\" \/><\/a><br \/>\n<a href=\"https:\/\/mariapinobrumberg.com\/blog\/wp-content\/uploads\/2013\/04\/528288_382543708525903_3644605_n.jpg\"><img loading=\"lazy\" decoding=\"async\" src=\"https:\/\/mariapinobrumberg.com\/blog\/wp-content\/uploads\/2013\/04\/528288_382543708525903_3644605_n-300x225.jpg\" alt=\"\" title=\"Apoyo verdadero\" width=\"300\" height=\"225\" class=\"alignleft size-medium wp-image-1074\" srcset=\"https:\/\/mariapinobrumberg.com\/blog\/wp-content\/uploads\/2013\/04\/528288_382543708525903_3644605_n-300x225.jpg 300w, https:\/\/mariapinobrumberg.com\/blog\/wp-content\/uploads\/2013\/04\/528288_382543708525903_3644605_n.jpg 640w\" sizes=\"auto, (max-width: 300px) 100vw, 300px\" \/><\/a><br \/>\n<a href=\"https:\/\/mariapinobrumberg.com\/blog\/wp-content\/uploads\/2013\/04\/SAM_0218.jpg\"><img loading=\"lazy\" decoding=\"async\" src=\"https:\/\/mariapinobrumberg.com\/blog\/wp-content\/uploads\/2013\/04\/SAM_0218-300x225.jpg\" alt=\"\" title=\"Cambiar es crecer\" width=\"300\" height=\"225\" class=\"alignleft size-medium wp-image-1075\" srcset=\"https:\/\/mariapinobrumberg.com\/blog\/wp-content\/uploads\/2013\/04\/SAM_0218-300x225.jpg 300w, https:\/\/mariapinobrumberg.com\/blog\/wp-content\/uploads\/2013\/04\/SAM_0218.jpg 1024w\" sizes=\"auto, (max-width: 300px) 100vw, 300px\" \/><\/a><\/p>\n","protected":false},"excerpt":{"rendered":"<p>Me gustar\u00eda compartir con los internautas la gran satisfacci\u00f3n que me produjo el haber vuelto a ser invitada, por tercer a\u00f1o consecutivo, a dar una charla a alumnos de varios cursos del IES El Sobradillo. Fue todo un \u00e9xito, para &hellip; <a href=\"https:\/\/mariapinobrumberg.com\/blog\/?p=1067\">Sigue leyendo <span class=\"meta-nav\">&rarr;<\/span><\/a><\/p>\n","protected":false},"author":1,"featured_media":0,"comment_status":"open","ping_status":"open","sticky":false,"template":"","format":"standard","meta":{"footnotes":""},"categories":[6,10],"tags":[],"class_list":["post-1067","post","type-post","status-publish","format-standard","hentry","category-conferenciasponencias","category-lamalamaria"],"_links":{"self":[{"href":"https:\/\/mariapinobrumberg.com\/blog\/index.php?rest_route=\/wp\/v2\/posts\/1067","targetHints":{"allow":["GET"]}}],"collection":[{"href":"https:\/\/mariapinobrumberg.com\/blog\/index.php?rest_route=\/wp\/v2\/posts"}],"about":[{"href":"https:\/\/mariapinobrumberg.com\/blog\/index.php?rest_route=\/wp\/v2\/types\/post"}],"author":[{"embeddable":true,"href":"https:\/\/mariapinobrumberg.com\/blog\/index.php?rest_route=\/wp\/v2\/users\/1"}],"replies":[{"embeddable":true,"href":"https:\/\/mariapinobrumberg.com\/blog\/index.php?rest_route=%2Fwp%2Fv2%2Fcomments&post=1067"}],"version-history":[{"count":3,"href":"https:\/\/mariapinobrumberg.com\/blog\/index.php?rest_route=\/wp\/v2\/posts\/1067\/revisions"}],"predecessor-version":[{"id":1076,"href":"https:\/\/mariapinobrumberg.com\/blog\/index.php?rest_route=\/wp\/v2\/posts\/1067\/revisions\/1076"}],"wp:attachment":[{"href":"https:\/\/mariapinobrumberg.com\/blog\/index.php?rest_route=%2Fwp%2Fv2%2Fmedia&parent=1067"}],"wp:term":[{"taxonomy":"category","embeddable":true,"href":"https:\/\/mariapinobrumberg.com\/blog\/index.php?rest_route=%2Fwp%2Fv2%2Fcategories&post=1067"},{"taxonomy":"post_tag","embeddable":true,"href":"https:\/\/mariapinobrumberg.com\/blog\/index.php?rest_route=%2Fwp%2Fv2%2Ftags&post=1067"}],"curies":[{"name":"wp","href":"https:\/\/api.w.org\/{rel}","templated":true}]}}