{"id":1091,"date":"2013-05-27T14:24:32","date_gmt":"2013-05-27T14:24:32","guid":{"rendered":"https:\/\/mariapinobrumberg.com\/blog\/?p=1091"},"modified":"2013-05-27T14:38:56","modified_gmt":"2013-05-27T14:38:56","slug":"yo-vine-aqui-a-luchar-en-espana-y-en-sudamerica","status":"publish","type":"post","link":"https:\/\/mariapinobrumberg.com\/blog\/?p=1091","title":{"rendered":"\u00a1\u00a1\u00bbYo vine aqu\u00ed a luchar\u00bb en Espa\u00f1a y en Sudam\u00e9rica!!"},"content":{"rendered":"<p>Me emociona mucho comunicaros que la <strong>\u201cLibrer\u00eda Albareda\u201d, <\/strong>de<em> Zaragoza<\/em>, es la primera librer\u00eda que ha pedido mi libro v\u00eda on-line, \u00a1viva la modernidad!<\/p>\n<p><a href=\"https:\/\/mariapinobrumberg.com\/blog\/wp-content\/uploads\/2013\/05\/P5210087.jpg\"><img loading=\"lazy\" decoding=\"async\" src=\"https:\/\/mariapinobrumberg.com\/blog\/wp-content\/uploads\/2013\/05\/P5210087-300x225.jpg\" alt=\"\" title=\"OLYMPUS DIGITAL CAMERA\" width=\"300\" height=\"225\" class=\"aligncenter size-medium wp-image-1093\" \/><\/a><\/p>\n<p><a href=\"https:\/\/mariapinobrumberg.com\/blog\/wp-content\/uploads\/2013\/05\/60681.jpg\"><img loading=\"lazy\" decoding=\"async\" src=\"https:\/\/mariapinobrumberg.com\/blog\/wp-content\/uploads\/2013\/05\/60681-300x225.jpg\" alt=\"\" title=\"OLYMPUS DIGITAL CAMERA\" width=\"300\" height=\"225\" class=\"aligncenter size-medium wp-image-1095\" srcset=\"https:\/\/mariapinobrumberg.com\/blog\/wp-content\/uploads\/2013\/05\/60681-300x225.jpg 300w, https:\/\/mariapinobrumberg.com\/blog\/wp-content\/uploads\/2013\/05\/60681.jpg 980w\" sizes=\"auto, (max-width: 300px) 100vw, 300px\" \/><\/a><\/p>\n<p>Todas las <strong>librer\u00edas <\/strong>de Espa\u00f1a, Canarias tambi\u00e9n, tienen un <strong>30% de descuento <\/strong>para adquirirlo por medio de Bubok, aqu\u00ed les paso el enlace directo: <\/p>\n<p><a href=\"http:\/\/www.bubok.es\/libros\/219588\/Yo-vine-aqui-a-luchar\">http:\/\/www.bubok.es\/libros\/219588\/Yo-vine-aqui-a-luchar<\/a><\/p>\n<p>Y ahora, adem\u00e1s, por fin est\u00e1 disponible en <strong> INTERPA\u00cdS<\/strong>, \u00a1uno de mis grandes objetivos!<br \/>\nAqu\u00ed van los enlaces directos para que se pueda adquirir una versi\u00f3n nueva sin solapas en tres pa\u00edses de <strong>Sudam\u00e9rica<\/strong>, as\u00ed espero que futuros nuevos lectores puedan adquirir el libro en localidades del otro charco ;),  y los gastos de env\u00edo ser\u00e1n menores:<\/p>\n<p><strong>Colombia:<\/strong> <a href=\"http:\/\/www.bubok.co\/libros\/212127\/Yo-vine-aqui-a-luchar\">http:\/\/www.bubok.co\/libros\/212127\/Yo-vine-aqui-a-luchar<\/a><\/p>\n<p><strong>Argentina:<\/strong> <a href=\"http:\/\/www.bubok.com.ar\/libros\/194546\/Yo-vine-aqui-a-luchar\">http:\/\/www.bubok.com.ar\/libros\/194546\/Yo-vine-aqui-a-luchar<\/a><\/p>\n<p><strong>M\u00e9xico:<\/strong> <a href=\"http:\/\/www.bubok.com.mx\/libros\/194300\/Yo-vine-aqui-a-luchar\">http:\/\/www.bubok.com.mx\/libros\/194300\/Yo-vine-aqui-a-luchar<\/a><\/p>\n<p>Muchas gracias,<br \/>\n       <em>Mery<\/em>     <a href=\"https:\/\/mariapinobrumberg.com\/blog\/wp-content\/uploads\/2013\/05\/EL-M\u00cdO1.png\"><img loading=\"lazy\" decoding=\"async\" src=\"https:\/\/mariapinobrumberg.com\/blog\/wp-content\/uploads\/2013\/05\/EL-M\u00cdO1-150x132.png\" alt=\"\" title=\"EL M\u00cdO\" width=\"150\" height=\"132\" class=\"alignleft size-thumbnail wp-image-1092\" \/><\/a><\/p>\n","protected":false},"excerpt":{"rendered":"<p>Me emociona mucho comunicaros que la \u201cLibrer\u00eda Albareda\u201d, de Zaragoza, es la primera librer\u00eda que ha pedido mi libro v\u00eda on-line, \u00a1viva la modernidad! Todas las librer\u00edas de Espa\u00f1a, Canarias tambi\u00e9n, tienen un 30% de descuento para adquirirlo por medio &hellip; <a href=\"https:\/\/mariapinobrumberg.com\/blog\/?p=1091\">Sigue leyendo <span class=\"meta-nav\">&rarr;<\/span><\/a><\/p>\n","protected":false},"author":1,"featured_media":0,"comment_status":"open","ping_status":"open","sticky":false,"template":"","format":"standard","meta":{"footnotes":""},"categories":[3,10,16],"tags":[],"class_list":["post-1091","post","type-post","status-publish","format-standard","hentry","category-entrega-de-libro-en-el-colegio-luthe-king","category-lamalamaria","category-yo-vine-aqui-a-luchar"],"_links":{"self":[{"href":"https:\/\/mariapinobrumberg.com\/blog\/index.php?rest_route=\/wp\/v2\/posts\/1091","targetHints":{"allow":["GET"]}}],"collection":[{"href":"https:\/\/mariapinobrumberg.com\/blog\/index.php?rest_route=\/wp\/v2\/posts"}],"about":[{"href":"https:\/\/mariapinobrumberg.com\/blog\/index.php?rest_route=\/wp\/v2\/types\/post"}],"author":[{"embeddable":true,"href":"https:\/\/mariapinobrumberg.com\/blog\/index.php?rest_route=\/wp\/v2\/users\/1"}],"replies":[{"embeddable":true,"href":"https:\/\/mariapinobrumberg.com\/blog\/index.php?rest_route=%2Fwp%2Fv2%2Fcomments&post=1091"}],"version-history":[{"count":8,"href":"https:\/\/mariapinobrumberg.com\/blog\/index.php?rest_route=\/wp\/v2\/posts\/1091\/revisions"}],"predecessor-version":[{"id":1103,"href":"https:\/\/mariapinobrumberg.com\/blog\/index.php?rest_route=\/wp\/v2\/posts\/1091\/revisions\/1103"}],"wp:attachment":[{"href":"https:\/\/mariapinobrumberg.com\/blog\/index.php?rest_route=%2Fwp%2Fv2%2Fmedia&parent=1091"}],"wp:term":[{"taxonomy":"category","embeddable":true,"href":"https:\/\/mariapinobrumberg.com\/blog\/index.php?rest_route=%2Fwp%2Fv2%2Fcategories&post=1091"},{"taxonomy":"post_tag","embeddable":true,"href":"https:\/\/mariapinobrumberg.com\/blog\/index.php?rest_route=%2Fwp%2Fv2%2Ftags&post=1091"}],"curies":[{"name":"wp","href":"https:\/\/api.w.org\/{rel}","templated":true}]}}