{"id":1118,"date":"2013-06-14T20:08:38","date_gmt":"2013-06-14T20:08:38","guid":{"rendered":"https:\/\/mariapinobrumberg.com\/blog\/?p=1118"},"modified":"2013-06-17T11:53:53","modified_gmt":"2013-06-17T11:53:53","slug":"presentacion-de-yo-vine-aqui-a-luchar-en-zaragoza","status":"publish","type":"post","link":"https:\/\/mariapinobrumberg.com\/blog\/?p=1118","title":{"rendered":"Presentaci\u00f3n de \u00abYo vine aqu\u00ed a luchar\u00bb \u00a1\u00a1en Zaragoza!!"},"content":{"rendered":"<p>Mientras mi f\u00edsico me lo permita seguir\u00e9 movi\u00e9ndome para transmitir a la sociedad un mensaje de respeto hacia las limitaciones que tenemos las personas con alguna discapacidad. <\/p>\n<p>Tras presentar \u201cYo vine aqu\u00ed a luchar\u201d en la Casa de Canarias en Madrid, en diciembre del a\u00f1o pasado, junto al padrino de este, Alberto V\u00e1zquez Figueroa; lo he seguido presentando en varios centros educativos de mi Isla de Tenerife. Siempre con esfuerzo, alegr\u00eda, detalles e ilusi\u00f3n.<\/p>\n<p>La semana que viene viajar\u00e9 a Valladolid, para asistir a unas jornadas cient\u00edficas y de convivencia de la Federaci\u00f3n Nacional de Ataxias, FEDAES; luego el rumbo ser\u00e1 trasladado a Zaragoza, \u00a1donde presentar\u00e9 mi libro!<br \/>\nSer\u00e1 el pr\u00f3ximo jueves 27 de junio sobre las 19.00 horas en la Fundaci\u00f3n La Caridad, C\/ Moret 4\u2026 y me presentar\u00e1 <strong>Teresa Perales<\/strong>, \u00a1\u00a1una gran referencia para m\u00ed!!<br \/>\nEl acto est\u00e1 organizado por la Fundaci\u00f3n La Caridad, el Club CAI de Zaragoza de deportes adaptados, la Casa de Canarias en Arag\u00f3n y la Librer\u00eda Albareda.<\/p>\n<p><a href=\"https:\/\/mariapinobrumberg.com\/blog\/wp-content\/uploads\/2013\/06\/picasa.jpg\"><img loading=\"lazy\" decoding=\"async\" src=\"https:\/\/mariapinobrumberg.com\/blog\/wp-content\/uploads\/2013\/06\/picasa-618x1024.jpg\" alt=\"\" title=\"Fundaci\" width=\"618\" height=\"1024\" class=\"aligncenter size-large wp-image-1120\" \/><\/a><\/p>\n<p>Muchas gracias a todos ellos, y especialmente a Cristina y Germ\u00e1n \ud83d\ude09 <\/p>\n<p>    Mery   <a href=\"https:\/\/mariapinobrumberg.com\/blog\/wp-content\/uploads\/2013\/06\/EL-M\u00cdO1.png\"><img loading=\"lazy\" decoding=\"async\" src=\"https:\/\/mariapinobrumberg.com\/blog\/wp-content\/uploads\/2013\/06\/EL-M\u00cdO1-150x132.png\" alt=\"\" title=\"EL M\u00cdO\" width=\"150\" height=\"132\" class=\"alignright size-thumbnail wp-image-1119\" \/><\/a><\/p>\n","protected":false},"excerpt":{"rendered":"<p>Mientras mi f\u00edsico me lo permita seguir\u00e9 movi\u00e9ndome para transmitir a la sociedad un mensaje de respeto hacia las limitaciones que tenemos las personas con alguna discapacidad. Tras presentar \u201cYo vine aqu\u00ed a luchar\u201d en la Casa de Canarias en &hellip; <a href=\"https:\/\/mariapinobrumberg.com\/blog\/?p=1118\">Sigue leyendo <span class=\"meta-nav\">&rarr;<\/span><\/a><\/p>\n","protected":false},"author":1,"featured_media":0,"comment_status":"open","ping_status":"open","sticky":false,"template":"","format":"standard","meta":{"footnotes":""},"categories":[16],"tags":[],"class_list":["post-1118","post","type-post","status-publish","format-standard","hentry","category-yo-vine-aqui-a-luchar"],"_links":{"self":[{"href":"https:\/\/mariapinobrumberg.com\/blog\/index.php?rest_route=\/wp\/v2\/posts\/1118","targetHints":{"allow":["GET"]}}],"collection":[{"href":"https:\/\/mariapinobrumberg.com\/blog\/index.php?rest_route=\/wp\/v2\/posts"}],"about":[{"href":"https:\/\/mariapinobrumberg.com\/blog\/index.php?rest_route=\/wp\/v2\/types\/post"}],"author":[{"embeddable":true,"href":"https:\/\/mariapinobrumberg.com\/blog\/index.php?rest_route=\/wp\/v2\/users\/1"}],"replies":[{"embeddable":true,"href":"https:\/\/mariapinobrumberg.com\/blog\/index.php?rest_route=%2Fwp%2Fv2%2Fcomments&post=1118"}],"version-history":[{"count":2,"href":"https:\/\/mariapinobrumberg.com\/blog\/index.php?rest_route=\/wp\/v2\/posts\/1118\/revisions"}],"predecessor-version":[{"id":1122,"href":"https:\/\/mariapinobrumberg.com\/blog\/index.php?rest_route=\/wp\/v2\/posts\/1118\/revisions\/1122"}],"wp:attachment":[{"href":"https:\/\/mariapinobrumberg.com\/blog\/index.php?rest_route=%2Fwp%2Fv2%2Fmedia&parent=1118"}],"wp:term":[{"taxonomy":"category","embeddable":true,"href":"https:\/\/mariapinobrumberg.com\/blog\/index.php?rest_route=%2Fwp%2Fv2%2Fcategories&post=1118"},{"taxonomy":"post_tag","embeddable":true,"href":"https:\/\/mariapinobrumberg.com\/blog\/index.php?rest_route=%2Fwp%2Fv2%2Ftags&post=1118"}],"curies":[{"name":"wp","href":"https:\/\/api.w.org\/{rel}","templated":true}]}}