{"id":1195,"date":"2013-09-13T19:52:48","date_gmt":"2013-09-13T19:52:48","guid":{"rendered":"https:\/\/mariapinobrumberg.com\/blog\/?p=1195"},"modified":"2013-09-13T19:52:48","modified_gmt":"2013-09-13T19:52:48","slug":"cambiar-es-crecer-articulo-en-el-periodico-de-septiembre-en-la-laguna-mensual-sobre-el-dia-mundial-de-la-ataxia","status":"publish","type":"post","link":"https:\/\/mariapinobrumberg.com\/blog\/?p=1195","title":{"rendered":"Cambiar es crecer.  Art\u00edculo en el peri\u00f3dico de septiembre en \u00abLa Laguna Mensual\u00bb, sobre el D\u00eda Mundial de la Ataxia"},"content":{"rendered":"<p>Muy buenas a todos, aqu\u00ed adjunto mi art\u00edculo en el peri\u00f3dico de septiembre de mi ciudad. He tenido que escanearlo unas 7 veces y al final me he quedado casi sin cejas en la foto, jajaja, es que no s\u00e9 otra forma mejor para hacerlo, ya que solo lo tengo en formato pdf.<\/p>\n<p>Otra cosa, los comentarios me dicen que no pueden dejarlos. Aisssssssssssss, HOUSTON pero  qu\u00e9 pasa aqu\u00ed!! Hasta que mi buen y maravilloso amigo Meks no venga a darme clases con este wordpress, porfi comenten lo que quieran v\u00eda Facebook, Twitter o correo; yo prefiero el Facebook \ud83d\ude09<\/p>\n<p>Ah\u00ed va, pinchen sobre \u00e9l y lo pueden leer con aumento de letra:<br \/>\n<a href=\"https:\/\/mariapinobrumberg.com\/blog\/wp-content\/uploads\/2013\/09\/septiembre-2013.jpg\"><img loading=\"lazy\" decoding=\"async\" src=\"https:\/\/mariapinobrumberg.com\/blog\/wp-content\/uploads\/2013\/09\/septiembre-2013-717x1024.jpg\" alt=\"septiembre 2013\" width=\"640\" height=\"914\" class=\"aligncenter size-large wp-image-1196\" srcset=\"https:\/\/mariapinobrumberg.com\/blog\/wp-content\/uploads\/2013\/09\/septiembre-2013-717x1024.jpg 717w, https:\/\/mariapinobrumberg.com\/blog\/wp-content\/uploads\/2013\/09\/septiembre-2013-210x300.jpg 210w\" sizes=\"auto, (max-width: 640px) 100vw, 640px\" \/><\/a><\/p>\n","protected":false},"excerpt":{"rendered":"<p>Muy buenas a todos, aqu\u00ed adjunto mi art\u00edculo en el peri\u00f3dico de septiembre de mi ciudad. He tenido que escanearlo unas 7 veces y al final me he quedado casi sin cejas en la foto, jajaja, es que no s\u00e9 &hellip; <a href=\"https:\/\/mariapinobrumberg.com\/blog\/?p=1195\">Sigue leyendo <span class=\"meta-nav\">&rarr;<\/span><\/a><\/p>\n","protected":false},"author":1,"featured_media":0,"comment_status":"open","ping_status":"open","sticky":false,"template":"","format":"standard","meta":{"footnotes":""},"categories":[11,8,10],"tags":[],"class_list":["post-1195","post","type-post","status-publish","format-standard","hentry","category-asociacion-de-ataxias-de-canarias","category-fedaes","category-lamalamaria"],"_links":{"self":[{"href":"https:\/\/mariapinobrumberg.com\/blog\/index.php?rest_route=\/wp\/v2\/posts\/1195","targetHints":{"allow":["GET"]}}],"collection":[{"href":"https:\/\/mariapinobrumberg.com\/blog\/index.php?rest_route=\/wp\/v2\/posts"}],"about":[{"href":"https:\/\/mariapinobrumberg.com\/blog\/index.php?rest_route=\/wp\/v2\/types\/post"}],"author":[{"embeddable":true,"href":"https:\/\/mariapinobrumberg.com\/blog\/index.php?rest_route=\/wp\/v2\/users\/1"}],"replies":[{"embeddable":true,"href":"https:\/\/mariapinobrumberg.com\/blog\/index.php?rest_route=%2Fwp%2Fv2%2Fcomments&post=1195"}],"version-history":[{"count":2,"href":"https:\/\/mariapinobrumberg.com\/blog\/index.php?rest_route=\/wp\/v2\/posts\/1195\/revisions"}],"predecessor-version":[{"id":1198,"href":"https:\/\/mariapinobrumberg.com\/blog\/index.php?rest_route=\/wp\/v2\/posts\/1195\/revisions\/1198"}],"wp:attachment":[{"href":"https:\/\/mariapinobrumberg.com\/blog\/index.php?rest_route=%2Fwp%2Fv2%2Fmedia&parent=1195"}],"wp:term":[{"taxonomy":"category","embeddable":true,"href":"https:\/\/mariapinobrumberg.com\/blog\/index.php?rest_route=%2Fwp%2Fv2%2Fcategories&post=1195"},{"taxonomy":"post_tag","embeddable":true,"href":"https:\/\/mariapinobrumberg.com\/blog\/index.php?rest_route=%2Fwp%2Fv2%2Ftags&post=1195"}],"curies":[{"name":"wp","href":"https:\/\/api.w.org\/{rel}","templated":true}]}}