{"id":1232,"date":"2013-10-05T20:40:32","date_gmt":"2013-10-05T19:40:32","guid":{"rendered":"https:\/\/mariapinobrumberg.com\/blog\/?p=1232"},"modified":"2013-10-05T21:03:51","modified_gmt":"2013-10-05T20:03:51","slug":"vamonos-a-la-facultad","status":"publish","type":"post","link":"https:\/\/mariapinobrumberg.com\/blog\/?p=1232","title":{"rendered":"V\u00e1monos a la facultad!!"},"content":{"rendered":"<p><a href=\"https:\/\/mariapinobrumberg.com\/blog\/wp-content\/uploads\/2013\/10\/IES-Sabino-Berthelot-30.4.2012.jpg\"><img loading=\"lazy\" decoding=\"async\" src=\"https:\/\/mariapinobrumberg.com\/blog\/wp-content\/uploads\/2013\/10\/IES-Sabino-Berthelot-30.4.2012.jpg\" alt=\"IES Sabino Berthelot, 30.4.2012\" width=\"640\" height=\"480\" class=\"alignleft size-full wp-image-1233\" srcset=\"https:\/\/mariapinobrumberg.com\/blog\/wp-content\/uploads\/2013\/10\/IES-Sabino-Berthelot-30.4.2012.jpg 640w, https:\/\/mariapinobrumberg.com\/blog\/wp-content\/uploads\/2013\/10\/IES-Sabino-Berthelot-30.4.2012-300x225.jpg 300w\" sizes=\"auto, (max-width: 640px) 100vw, 640px\" \/><\/a>Muy buenas a todos. Quer\u00eda anunciar que este lunes 7 de octubre dar\u00e9 una charla a los alumnos de la asignatura <em>Trabajo Social y Discapacidad<\/em>, en la antigua Facultad de Derecho!!<\/p>\n<p>Deber\u00eda haber insistido para que me mandaran un cartel, pero como no lo hice pongo esta foto y ya est\u00e1. Es de cuando daba m\u00e1s charlas en colegios, lo que pasa que ahora tengo unos cuantos gramos de m\u00e1s. Encima ahora me cambiaron la forma para adjuntar fotos en el wordpress y ya me dan ganas de ir hacia otro lado; ya saben que el tema de la web la tengo parada, pero lo que llevo yo es este blog, y me crea ciertas dudas internas.<\/p>\n<p>Estoy algo desentrenada, en la charla hablar\u00e9 de mi experiencia personal como discapacitada y espero presentar bien y no irme por las ramas \ud83d\ude09<\/p>\n<p>Bueno, si saco fotos las mando y comentar\u00e9,<br \/>\nBesitos               <a href=\"https:\/\/mariapinobrumberg.com\/blog\/wp-content\/uploads\/2013\/08\/EL-M\u00cdO.png\"><img loading=\"lazy\" decoding=\"async\" src=\"https:\/\/mariapinobrumberg.com\/blog\/wp-content\/uploads\/2013\/08\/EL-M\u00cdO-150x132.png\" alt=\"EL M\u00cdO\" width=\"150\" height=\"132\" class=\"alignright size-thumbnail wp-image-1165\" \/><\/a><\/p>\n","protected":false},"excerpt":{"rendered":"<p>Muy buenas a todos. Quer\u00eda anunciar que este lunes 7 de octubre dar\u00e9 una charla a los alumnos de la asignatura Trabajo Social y Discapacidad, en la antigua Facultad de Derecho!! Deber\u00eda haber insistido para que me mandaran un cartel, &hellip; <a href=\"https:\/\/mariapinobrumberg.com\/blog\/?p=1232\">Sigue leyendo <span class=\"meta-nav\">&rarr;<\/span><\/a><\/p>\n","protected":false},"author":1,"featured_media":0,"comment_status":"open","ping_status":"open","sticky":false,"template":"","format":"standard","meta":{"footnotes":""},"categories":[6,10],"tags":[],"class_list":["post-1232","post","type-post","status-publish","format-standard","hentry","category-conferenciasponencias","category-lamalamaria"],"_links":{"self":[{"href":"https:\/\/mariapinobrumberg.com\/blog\/index.php?rest_route=\/wp\/v2\/posts\/1232","targetHints":{"allow":["GET"]}}],"collection":[{"href":"https:\/\/mariapinobrumberg.com\/blog\/index.php?rest_route=\/wp\/v2\/posts"}],"about":[{"href":"https:\/\/mariapinobrumberg.com\/blog\/index.php?rest_route=\/wp\/v2\/types\/post"}],"author":[{"embeddable":true,"href":"https:\/\/mariapinobrumberg.com\/blog\/index.php?rest_route=\/wp\/v2\/users\/1"}],"replies":[{"embeddable":true,"href":"https:\/\/mariapinobrumberg.com\/blog\/index.php?rest_route=%2Fwp%2Fv2%2Fcomments&post=1232"}],"version-history":[{"count":5,"href":"https:\/\/mariapinobrumberg.com\/blog\/index.php?rest_route=\/wp\/v2\/posts\/1232\/revisions"}],"predecessor-version":[{"id":1238,"href":"https:\/\/mariapinobrumberg.com\/blog\/index.php?rest_route=\/wp\/v2\/posts\/1232\/revisions\/1238"}],"wp:attachment":[{"href":"https:\/\/mariapinobrumberg.com\/blog\/index.php?rest_route=%2Fwp%2Fv2%2Fmedia&parent=1232"}],"wp:term":[{"taxonomy":"category","embeddable":true,"href":"https:\/\/mariapinobrumberg.com\/blog\/index.php?rest_route=%2Fwp%2Fv2%2Fcategories&post=1232"},{"taxonomy":"post_tag","embeddable":true,"href":"https:\/\/mariapinobrumberg.com\/blog\/index.php?rest_route=%2Fwp%2Fv2%2Ftags&post=1232"}],"curies":[{"name":"wp","href":"https:\/\/api.w.org\/{rel}","templated":true}]}}