{"id":1264,"date":"2013-11-13T11:19:54","date_gmt":"2013-11-13T10:19:54","guid":{"rendered":"https:\/\/mariapinobrumberg.com\/blog\/?p=1264"},"modified":"2013-11-13T11:21:53","modified_gmt":"2013-11-13T10:21:53","slug":"cambiar-es-crecer-me-tirare-a-la-piscina-articulo-en-el-periodico-la-laguna-mensual-tenerife","status":"publish","type":"post","link":"https:\/\/mariapinobrumberg.com\/blog\/?p=1264","title":{"rendered":"Cambiar es crecer. \u00bfMe tirar\u00e9 a la piscina?, art\u00edculo en el peri\u00f3dico \u00abLa Laguna Mensual\u00bb; Tenerife."},"content":{"rendered":"<p><strong>Muy buenas a todos,<br \/>\naqu\u00ed inserto la foto de mi art\u00edculo este mes en el peri\u00f3dico de \u00abLa Laguna Mensual\u00bb, que lo cort\u00e9 y pegu\u00e9 como pude porque no sale entero por el sc\u00e1ner. Me da que se ve raro, as\u00ed que pongo el texto escrito debajo!!<\/p>\n<p><a href=\"https:\/\/mariapinobrumberg.com\/blog\/wp-content\/uploads\/2013\/11\/noviembre-2013.jpg\"><img loading=\"lazy\" decoding=\"async\" src=\"https:\/\/mariapinobrumberg.com\/blog\/wp-content\/uploads\/2013\/11\/noviembre-2013.jpg\" alt=\"noviembre 2013,\" width=\"960\" height=\"720\" class=\"aligncenter size-full wp-image-1265\" srcset=\"https:\/\/mariapinobrumberg.com\/blog\/wp-content\/uploads\/2013\/11\/noviembre-2013.jpg 960w, https:\/\/mariapinobrumberg.com\/blog\/wp-content\/uploads\/2013\/11\/noviembre-2013-300x225.jpg 300w\" sizes=\"auto, (max-width: 960px) 100vw, 960px\" \/><\/a><\/p>\n<p>\u00bfMe tirar\u00e9 a la piscina?<br \/>\nSuelo tener mi semana organizada, bueno, m\u00e1s concretamente mis d\u00edas, pero constantemente todo sufre unos cambios; y voy toda nerviosa, suelo salir de casa sin desayunar, todo se retrasa, marcho a contrarreloj llegando o un poquito tarde o por los pelos.<br \/>\nDigo sufre sobre todo por mi madre, ella es alemana, y ellos tienen un car\u00e1cter implacable con la puntualidad y organizaci\u00f3n, por lo menos ella lo mantiene bien latente\u2026 con eso de querer llegar un m\u00ednimo de treinta minutos antes a todos lados, a pesar de que lleva casi cuarenta a\u00f1os viviendo en Canarias. Y este tema siempre fue motivo de disputa en casa con todos, ya que ella jam\u00e1s acept\u00f3 adaptarse al estilo de la calma canaria, no lo acept\u00f3 simplemente porque no pudo, y sigue sin poder, claro; lo lleva en sus genes. Conmigo lo sufri\u00f3 bastante, y yo me adapt\u00e9 como ella a m\u00ed. Y me parece que ahora lo hace m\u00e1s a\u00fan si cabe.<\/p>\n<p>Estos \u00faltimos a\u00f1os, mi novio Daniel y yo, pr\u00e1cticamente vivimos juntos, a diario entre su casa y la m\u00eda, m\u00e1s en la m\u00eda porque\u2026 es complicado de explicar as\u00ed de pronto, pero intentar\u00e9 hacer un maxiresumen. Somos una pareja un poco fuera de lo com\u00fan. \u00c9l es doble amputado (sin piernas), y yo una persona con una severa dependencia f\u00edsica.<br \/>\n\u00c9l se maneja muy bien y tiene su independencia, camina con dos pr\u00f3tesis, y si no te fijas no te das cuenta.<br \/>\nEl caso es que siempre me acompa\u00f1\u00f3 la mentalidad alemana, -han   habido cambios-, pero ahora, con la calma y pasotismo desquiciante canario de Dani, cuando pasamos una semana en mi casa, pues la verdad es que ambas mentalidades chocan mucho. Todas las ma\u00f1anas o\u00edmos los gritos de mi madre por toda la casa, de menor a mayor nivel de decibelios con una velocidad espantosa: \u2013\u00a1AUFSTEHEN!, \u00a1\u00a1LEV\u00c1NTENSE!!, \u00a1\u00a1\u00a1QUE SE LEVANTEN YA!!!, y cuando pierde la paciencia: \u00a1\u00a1\u00a1\u00a1DANIIIIIIIIIIIIIIIIIIIIII!!!!&#8230; Y a partir de ah\u00ed todo cambia, hay enfados, por supuesto, pero tambi\u00e9n tiene su parte divertida y simp\u00e1tica. A veces sale bien, y otras muchas no; pero ah\u00ed seguimos intentando encontrar un equilibrio.<\/p>\n<p>Me he visto barajando la tem\u00e1tica de este art\u00edculo en m\u00faltiples ocasiones, pues como dije antes, mis d\u00edas cambian constantemente (un factor muy importante son las citas m\u00e9dicas y terapias que he de seguir). Y me parece oportuno escribir de los temas que rondan por mi cabeza estos d\u00edas\u2026.<br \/>\nHace unas semanas nos llamaron, a Dani y a m\u00ed, del programa Noveleros de la Televisi\u00f3n Canaria, para ver si quer\u00edamos participar en \u00e9l en noviembre. Buscaban una historia de superaci\u00f3n, y decidimos ir porque nos invitaban un fin de semana a un hotel en Gran Canaria con todos los gastos pagados, y hoy en d\u00eda eso motiva mucho-mucho, jeje, no abundan esas posibilidades\u2026 Mientras pasaban los d\u00edas empezaban las llamadas, y las preguntas; \u00a1uy!, \u00a1\u00a1cu\u00e1ntas preguntas!! Y hace unos d\u00edas llamaron para decirnos que los hoteles en Gran Canaria estaban todos ocupados, pero nos cambiaban el viaje a La Gomera, en el hotel Jard\u00edn Tecina\u2026 \u00a1Wau!, \u00a1qu\u00e9 nivel!; pero solo podr\u00eda ser este fin de semana\u2026<br \/>\n   \u2013\u00bfVamos, no? \u2013le pregunt\u00e9 a Dani.<br \/>\n   \u2013\u00a1Pues claro cuchi!<\/p>\n<p>   As\u00ed que todos mis planes vuelven a cambiar, pero esta vez, y que le conste a mi madre, por causas ajenas a nuestra voluntad.<br \/>\n   Puedo hablar de esto porque cuando me lean, a estas alturas ya lo habr\u00e1n emitido. S\u00e9 que nos har\u00e1n cuatro reportajes en total, luego unificar\u00e1n\u2026 y saldr\u00e1 a principios de este mes. Si quieren saber un poquito m\u00e1s y ver el reportaje, me pueden buscar en las redes ya que seguramente subir\u00e9 o subir\u00e1n el v\u00eddeo.<br \/>\n   Saludos.<br \/>\n   Mery<br \/>\n                                                  <a href=\"https:\/\/mariapinobrumberg.com\/blog\/wp-content\/uploads\/2013\/08\/EL-M\u00cdO.png\"><img loading=\"lazy\" decoding=\"async\" src=\"https:\/\/mariapinobrumberg.com\/blog\/wp-content\/uploads\/2013\/08\/EL-M\u00cdO-150x132.png\" alt=\"EL M\u00cdO\" width=\"150\" height=\"132\" class=\"alignright size-thumbnail wp-image-1165\" \/><\/a><\/p>\n","protected":false},"excerpt":{"rendered":"<p>Muy buenas a todos, aqu\u00ed inserto la foto de mi art\u00edculo este mes en el peri\u00f3dico de \u00abLa Laguna Mensual\u00bb, que lo cort\u00e9 y pegu\u00e9 como pude porque no sale entero por el sc\u00e1ner. Me da que se ve raro, &hellip; <a href=\"https:\/\/mariapinobrumberg.com\/blog\/?p=1264\">Sigue leyendo <span class=\"meta-nav\">&rarr;<\/span><\/a><\/p>\n","protected":false},"author":1,"featured_media":0,"comment_status":"open","ping_status":"open","sticky":false,"template":"","format":"standard","meta":{"footnotes":""},"categories":[19,10],"tags":[],"class_list":["post-1264","post","type-post","status-publish","format-standard","hentry","category-articulos-en-prensa","category-lamalamaria"],"_links":{"self":[{"href":"https:\/\/mariapinobrumberg.com\/blog\/index.php?rest_route=\/wp\/v2\/posts\/1264","targetHints":{"allow":["GET"]}}],"collection":[{"href":"https:\/\/mariapinobrumberg.com\/blog\/index.php?rest_route=\/wp\/v2\/posts"}],"about":[{"href":"https:\/\/mariapinobrumberg.com\/blog\/index.php?rest_route=\/wp\/v2\/types\/post"}],"author":[{"embeddable":true,"href":"https:\/\/mariapinobrumberg.com\/blog\/index.php?rest_route=\/wp\/v2\/users\/1"}],"replies":[{"embeddable":true,"href":"https:\/\/mariapinobrumberg.com\/blog\/index.php?rest_route=%2Fwp%2Fv2%2Fcomments&post=1264"}],"version-history":[{"count":4,"href":"https:\/\/mariapinobrumberg.com\/blog\/index.php?rest_route=\/wp\/v2\/posts\/1264\/revisions"}],"predecessor-version":[{"id":1269,"href":"https:\/\/mariapinobrumberg.com\/blog\/index.php?rest_route=\/wp\/v2\/posts\/1264\/revisions\/1269"}],"wp:attachment":[{"href":"https:\/\/mariapinobrumberg.com\/blog\/index.php?rest_route=%2Fwp%2Fv2%2Fmedia&parent=1264"}],"wp:term":[{"taxonomy":"category","embeddable":true,"href":"https:\/\/mariapinobrumberg.com\/blog\/index.php?rest_route=%2Fwp%2Fv2%2Fcategories&post=1264"},{"taxonomy":"post_tag","embeddable":true,"href":"https:\/\/mariapinobrumberg.com\/blog\/index.php?rest_route=%2Fwp%2Fv2%2Ftags&post=1264"}],"curies":[{"name":"wp","href":"https:\/\/api.w.org\/{rel}","templated":true}]}}