{"id":1313,"date":"2013-12-22T21:51:35","date_gmt":"2013-12-22T20:51:35","guid":{"rendered":"https:\/\/mariapinobrumberg.com\/blog\/?p=1313"},"modified":"2013-12-22T21:54:25","modified_gmt":"2013-12-22T20:54:25","slug":"me-van-a-dar-un-premio-de-mencion-honorifica-en-la-xii-edicion-del-premio-a-la-solidaridad-2013","status":"publish","type":"post","link":"https:\/\/mariapinobrumberg.com\/blog\/?p=1313","title":{"rendered":"\u00a1\u00a1Me van a dar un Premio de Menci\u00f3n Honor\u00edfica en la  XII Edici\u00f3n del Premio a la Solidaridad 2013!!"},"content":{"rendered":"<p><a href=\"https:\/\/mariapinobrumberg.com\/blog\/wp-content\/uploads\/2013\/12\/HSB.jpg\"><img loading=\"lazy\" decoding=\"async\" src=\"https:\/\/mariapinobrumberg.com\/blog\/wp-content\/uploads\/2013\/12\/HSB.jpg\" alt=\"HSB\" width=\"960\" height=\"537\" class=\"aligncenter size-full wp-image-1314\" srcset=\"https:\/\/mariapinobrumberg.com\/blog\/wp-content\/uploads\/2013\/12\/HSB.jpg 960w, https:\/\/mariapinobrumberg.com\/blog\/wp-content\/uploads\/2013\/12\/HSB-300x167.jpg 300w\" sizes=\"auto, (max-width: 960px) 100vw, 960px\" \/><\/a><\/p>\n<p>Este a\u00f1o me van a conceder uno de los Premios por Menci\u00f3n Honor\u00edfica 2013 debido a mi trayectoria solidaria divulgando las ataxias&#8230;<\/p>\n<p>\u00a1\u00a1S\u00ed!! <a href=\"https:\/\/mariapinobrumberg.com\/blog\/wp-content\/uploads\/2013\/12\/premio-2013.jpg\"><img loading=\"lazy\" decoding=\"async\" src=\"https:\/\/mariapinobrumberg.com\/blog\/wp-content\/uploads\/2013\/12\/premio-2013-225x300.jpg\" alt=\"premio 2013\" width=\"225\" height=\"300\" class=\"alignright size-medium wp-image-1315\" srcset=\"https:\/\/mariapinobrumberg.com\/blog\/wp-content\/uploads\/2013\/12\/premio-2013-225x300.jpg 225w, https:\/\/mariapinobrumberg.com\/blog\/wp-content\/uploads\/2013\/12\/premio-2013.jpg 480w\" sizes=\"auto, (max-width: 225px) 100vw, 225px\" \/><\/a><br \/>\n<\/em><br \/>\n\u00a1\u00a1El viernes 27 de diciembre estar\u00e9 a las 17.00 horas en el Sal\u00f3n del Excmo. Cabildo Insular de Tenerife para la entrega del mismo!!<br \/>\nAy, \u00a1\u00a1qu\u00e9 gran regalo ser\u00e1 para m\u00ed saber que reconocen mi trabajo oficialmente!!<\/p>\n<p>Quien lo desee puede asistir, \u00a1\u00a1lo valorar\u00eda mucho!!<\/p>\n<p><em>       Mery<\/em>      <a href=\"https:\/\/mariapinobrumberg.com\/blog\/wp-content\/uploads\/2013\/08\/EL-M\u00cdO.png\"><img loading=\"lazy\" decoding=\"async\" src=\"https:\/\/mariapinobrumberg.com\/blog\/wp-content\/uploads\/2013\/08\/EL-M\u00cdO-150x132.png\" alt=\"EL M\u00cdO\" width=\"150\" height=\"132\" class=\"alignright size-thumbnail wp-image-1165\" \/><\/a><\/p>\n","protected":false},"excerpt":{"rendered":"<p>Este a\u00f1o me van a conceder uno de los Premios por Menci\u00f3n Honor\u00edfica 2013 debido a mi trayectoria solidaria divulgando las ataxias&#8230; \u00a1\u00a1S\u00ed!! \u00a1\u00a1El viernes 27 de diciembre estar\u00e9 a las 17.00 horas en el Sal\u00f3n del Excmo. Cabildo Insular &hellip; <a href=\"https:\/\/mariapinobrumberg.com\/blog\/?p=1313\">Sigue leyendo <span class=\"meta-nav\">&rarr;<\/span><\/a><\/p>\n","protected":false},"author":1,"featured_media":0,"comment_status":"open","ping_status":"open","sticky":false,"template":"","format":"standard","meta":{"footnotes":""},"categories":[11,8,3,10,12,21,16],"tags":[],"class_list":["post-1313","post","type-post","status-publish","format-standard","hentry","category-asociacion-de-ataxias-de-canarias","category-fedaes","category-entrega-de-libro-en-el-colegio-luthe-king","category-lamalamaria","category-proyecto-literario-para-recaudar-fondos-para-la-investigacion-de-la-ataxia-de-friedreich","category-stop-fa","category-yo-vine-aqui-a-luchar"],"_links":{"self":[{"href":"https:\/\/mariapinobrumberg.com\/blog\/index.php?rest_route=\/wp\/v2\/posts\/1313","targetHints":{"allow":["GET"]}}],"collection":[{"href":"https:\/\/mariapinobrumberg.com\/blog\/index.php?rest_route=\/wp\/v2\/posts"}],"about":[{"href":"https:\/\/mariapinobrumberg.com\/blog\/index.php?rest_route=\/wp\/v2\/types\/post"}],"author":[{"embeddable":true,"href":"https:\/\/mariapinobrumberg.com\/blog\/index.php?rest_route=\/wp\/v2\/users\/1"}],"replies":[{"embeddable":true,"href":"https:\/\/mariapinobrumberg.com\/blog\/index.php?rest_route=%2Fwp%2Fv2%2Fcomments&post=1313"}],"version-history":[{"count":3,"href":"https:\/\/mariapinobrumberg.com\/blog\/index.php?rest_route=\/wp\/v2\/posts\/1313\/revisions"}],"predecessor-version":[{"id":1318,"href":"https:\/\/mariapinobrumberg.com\/blog\/index.php?rest_route=\/wp\/v2\/posts\/1313\/revisions\/1318"}],"wp:attachment":[{"href":"https:\/\/mariapinobrumberg.com\/blog\/index.php?rest_route=%2Fwp%2Fv2%2Fmedia&parent=1313"}],"wp:term":[{"taxonomy":"category","embeddable":true,"href":"https:\/\/mariapinobrumberg.com\/blog\/index.php?rest_route=%2Fwp%2Fv2%2Fcategories&post=1313"},{"taxonomy":"post_tag","embeddable":true,"href":"https:\/\/mariapinobrumberg.com\/blog\/index.php?rest_route=%2Fwp%2Fv2%2Ftags&post=1313"}],"curies":[{"name":"wp","href":"https:\/\/api.w.org\/{rel}","templated":true}]}}