{"id":1397,"date":"2014-04-08T21:06:11","date_gmt":"2014-04-08T20:06:11","guid":{"rendered":"https:\/\/mariapinobrumberg.com\/blog\/?p=1397"},"modified":"2014-04-08T21:08:05","modified_gmt":"2014-04-08T20:08:05","slug":"cambiar-es-crecer-articulo-publicado-en-el-periodicola-laguna-mensual-abril-2014-el-legado-de-marie-schlau","status":"publish","type":"post","link":"https:\/\/mariapinobrumberg.com\/blog\/?p=1397","title":{"rendered":"Cambiar es crecer. Art\u00edculo publicado en el peri\u00f3dico\u00bbLa Laguna Mensual\u00bb, abril 2014: El Legado de Marie Schlau."},"content":{"rendered":"<p><a href=\"https:\/\/mariapinobrumberg.com\/blog\/wp-content\/uploads\/2014\/04\/abril2014.jpg\"><img loading=\"lazy\" decoding=\"async\" src=\"https:\/\/mariapinobrumberg.com\/blog\/wp-content\/uploads\/2014\/04\/abril2014.jpg\" alt=\"abril2014\" width=\"3887\" height=\"4976\" class=\"aligncenter size-full wp-image-1398\" \/><\/a><\/p>\n<p>Ahora que ya tengo el libro  he de comunicar que existe una <strong>F\u00c9 DE ERRATA <\/strong>en una parte de uno de mis cap\u00edtulos, exactamente en la p\u00e1gina 220, en su principio, cuando se lee que el archipi\u00e9lago de las Islas Canarias lo forman seis islas y varios islotes, <em>evidentemente son siete islas<\/em>. Se comunic\u00f3 a imprenta, pero no pudo rectificarse.<\/p>\n<p> \u00a1\u00a1Ruego que en las pr\u00f3ximas impresiones se pueda rectificar!!<br \/>\nPOR FAVOR&#8230;<\/p>\n<p>Volver a agradecer especialmente el trabajo de<strong> BABELFAMILY<\/strong> y la <strong>Asociaci\u00f3n GERNA<\/strong>,<\/p>\n<p>                      <em> Mery<\/em><a href=\"https:\/\/mariapinobrumberg.com\/blog\/wp-content\/uploads\/2013\/08\/EL-M\u00cdO.png\"><img loading=\"lazy\" decoding=\"async\" src=\"https:\/\/mariapinobrumberg.com\/blog\/wp-content\/uploads\/2013\/08\/EL-M\u00cdO-150x132.png\" alt=\"EL M\u00cdO\" width=\"150\" height=\"132\" class=\"alignright size-thumbnail wp-image-1165\" \/><\/a><\/p>\n","protected":false},"excerpt":{"rendered":"<p>Ahora que ya tengo el libro he de comunicar que existe una F\u00c9 DE ERRATA en una parte de uno de mis cap\u00edtulos, exactamente en la p\u00e1gina 220, en su principio, cuando se lee que el archipi\u00e9lago de las Islas &hellip; <a href=\"https:\/\/mariapinobrumberg.com\/blog\/?p=1397\">Sigue leyendo <span class=\"meta-nav\">&rarr;<\/span><\/a><\/p>\n","protected":false},"author":1,"featured_media":0,"comment_status":"open","ping_status":"open","sticky":false,"template":"","format":"standard","meta":{"footnotes":""},"categories":[19,10,12,21],"tags":[],"class_list":["post-1397","post","type-post","status-publish","format-standard","hentry","category-articulos-en-prensa","category-lamalamaria","category-proyecto-literario-para-recaudar-fondos-para-la-investigacion-de-la-ataxia-de-friedreich","category-stop-fa"],"_links":{"self":[{"href":"https:\/\/mariapinobrumberg.com\/blog\/index.php?rest_route=\/wp\/v2\/posts\/1397","targetHints":{"allow":["GET"]}}],"collection":[{"href":"https:\/\/mariapinobrumberg.com\/blog\/index.php?rest_route=\/wp\/v2\/posts"}],"about":[{"href":"https:\/\/mariapinobrumberg.com\/blog\/index.php?rest_route=\/wp\/v2\/types\/post"}],"author":[{"embeddable":true,"href":"https:\/\/mariapinobrumberg.com\/blog\/index.php?rest_route=\/wp\/v2\/users\/1"}],"replies":[{"embeddable":true,"href":"https:\/\/mariapinobrumberg.com\/blog\/index.php?rest_route=%2Fwp%2Fv2%2Fcomments&post=1397"}],"version-history":[{"count":3,"href":"https:\/\/mariapinobrumberg.com\/blog\/index.php?rest_route=\/wp\/v2\/posts\/1397\/revisions"}],"predecessor-version":[{"id":1402,"href":"https:\/\/mariapinobrumberg.com\/blog\/index.php?rest_route=\/wp\/v2\/posts\/1397\/revisions\/1402"}],"wp:attachment":[{"href":"https:\/\/mariapinobrumberg.com\/blog\/index.php?rest_route=%2Fwp%2Fv2%2Fmedia&parent=1397"}],"wp:term":[{"taxonomy":"category","embeddable":true,"href":"https:\/\/mariapinobrumberg.com\/blog\/index.php?rest_route=%2Fwp%2Fv2%2Fcategories&post=1397"},{"taxonomy":"post_tag","embeddable":true,"href":"https:\/\/mariapinobrumberg.com\/blog\/index.php?rest_route=%2Fwp%2Fv2%2Ftags&post=1397"}],"curies":[{"name":"wp","href":"https:\/\/api.w.org\/{rel}","templated":true}]}}