{"id":151,"date":"2011-03-17T15:04:52","date_gmt":"2011-03-17T15:04:52","guid":{"rendered":"https:\/\/mariapinobrumberg.com\/blog\/?p=151"},"modified":"2011-03-17T15:06:09","modified_gmt":"2011-03-17T15:06:09","slug":"firma-de-libros-cona-alas-en-los-pies-en-la-libreria-barbara-en-los-cristianos-sur-de-tenerife","status":"publish","type":"post","link":"https:\/\/mariapinobrumberg.com\/blog\/?p=151","title":{"rendered":"Firma de libros \u00abCon alas en los pies\u00bb en la Librer\u00eda B\u00e1rbara, en Los Cristianos, sur de Tenerife."},"content":{"rendered":"<h3>Mar\u00eda Pino Brumberg firmar\u00e1 ejemplares de su autobiograf\u00eda, Con alas en los pies, el lunes 21 en Los Cristianos<\/h3>\n<div>\n<div><a href=\"https:\/\/lh5.googleusercontent.com\/-QRMDbhQq7ow\/TYFi0szZnPI\/AAAAAAAApxM\/OnRxCEWs-AA\/s1600\/maria+pino+brumberg.jpg\"><img loading=\"lazy\" decoding=\"async\" src=\"https:\/\/lh5.googleusercontent.com\/-QRMDbhQq7ow\/TYFi0szZnPI\/AAAAAAAApxM\/OnRxCEWs-AA\/s400\/maria+pino+brumberg.jpg\" border=\"0\" alt=\"\" width=\"384\" height=\"400\" \/><\/a><\/div>\n<p><strong>El libro conciencia a los lectores de las frustraciones diarias que sufren las personas con movilidad reducida<\/strong><br \/>\n<strong><br \/>\n<\/strong><br \/>\n<strong>La escritora participa hoy en el ciclo Mujeres Extraordinarias<\/strong><\/p>\n<p>Tenerife, 17 de marzo de 2011 | Cultura | Gabinete de Prensa.<\/p>\n<p>La escritora Mar\u00eda Pino Brumberg firmar\u00e1 ejemplares de su autobiograf\u00eda, Con alas en los pies, el pr\u00f3ximo lunes, 21 de marzo, entre las 17:00 y las 19:00 horas en la librer\u00eda B\u00e1rbara de Los Cristianos (calle Juan Pablo Abril, 6), en Tenerife. La autora, paciente de una enfermedad degenerativa gen\u00e9tica rara y, por el momento, incurable, la Ataxia de Friedreich, participa hoy, mi\u00e9rcoles, 16 de marzo, a las 19:00 horas, en el ciclo Mujeres Extraordinarias, con la presentaci\u00f3n de su obra en el Centro Cultural de Los Cristianos, en Arona.<\/p>\n<p>A trav\u00e9s de su libro, Con alas en los pies, Mar\u00eda Pino Brumberg logra concienciar de las frustraciones y limitaciones que sufren a diario las personas con movilidad reducida y del apoyo que necesitan para integrarse plenamente en la sociedad. El volumen, incluido en la colecci\u00f3n Caj\u00f3n de Sastre de Ediciones Idea, cuenta con un pr\u00f3logo del escritor Alberto V\u00e1zquez Figueroa, quien apunta: \u00abEn estas p\u00e1ginas conviven una ni\u00f1a so\u00f1adora, una muchacha asustada y una adulta golpeada pero nunca vencida\u00bb.<\/p>\n<p>Mar\u00eda Pino Brumberg relata en su autobiograf\u00eda cada paso atr\u00e1s que le ha hecho dar su enfermedad, la ataxia de Friedreich. As\u00ed, de caminar con dificultades, pas\u00f3 a usar una muleta, de la muleta a un andador y del andador a la silla de ruedas. Una vez que acepta su enfermedad, Mar\u00eda comienza a luchar con gran tenacidad por la integraci\u00f3n de las personas con discapacidad.<\/p>\n<p>La autora tambi\u00e9n deja constancia de su hiperactividad y su entusiasmo por la vida. Un entusiasmo que le impulsa constantemente a buscar nuevas experiencias, tanto para encontrar su anhelada cura (realizando incluso extra\u00f1os rituales esot\u00e9ricos), como para evadirse de sus problemas y disfrutar de cada momento.<\/p>\n<p>As\u00ed, entre muchas otras actividades, la protagonista ha practicado senderismo con una silla especial, ha competido como nadadora discapacitada, se ha lanzado en parapente y ha sido la primera modelo canaria en silla de ruedas. El volumen incluye dos anexos fotogr\u00e1ficos muy ilustrativos de las experiencias narradas en el mismo.<\/p>\n<p>Alberto V\u00e1zquez Figueroa se\u00f1ala en el pr\u00f3logo de esta primera obra de Mar\u00eda Pino Brumberg: \u00abEste es uno de los libros que m\u00e1s me han fascinado e impresionado de cuantos he le\u00eddo en los \u00faltimos tiempos. Es un relato valiente y sobrecogedor, sobre todo por el hecho de que sale de la pluma de una hermosa muchacha que poco a poco advierte c\u00f3mo se van truncando sus maravillosos sue\u00f1os juveniles pero contin\u00faa luchando con estremecedor coraje intentando mantener intacta toda su fe y todas sus esperanzas\u00bb.<\/p>\n<p><strong>Trayectoria de la autora<\/strong><\/p>\n<p>Mar\u00eda Pino Brumberg naci\u00f3 en Santa Cruz de Tenerife en 1981. Licenciada en Geograf\u00eda por la Universidad de La Laguna, esta joven canaria se ha tenido que enfrentar a una vida limitada por una enfermedad degenerativa, la Ataxia de Friedreich. Paulatinamente, esta autora indomable, se ha ido implicando en el complejo mundo de la discapacidad, en el que destaca por su fuerza, su tes\u00f3n y por su constante capacidad de superaci\u00f3n. Mar\u00eda ha trabajado durante tres a\u00f1os en el Archivo municipal de la integradora Villa de Tegueste. Es nadadora discapacitada en el equipo Ademi Tenerife y columnista en la revista digital www.elblogoferoz.com. Su participaci\u00f3n, pionera en las Islas Canarias, en un desfile de moda desde su silla de ruedas, nos obliga a mirar cara a cara la discapacidad y a plantearnos la necesidad de la integraci\u00f3n en todos los \u00e1mbitos de la vida social. Su l\u00facida autobiograf\u00eda Con alas en los pies, da inicio a su andadura en la literatura contempor\u00e1nea.<\/p>\n<\/div>\n","protected":false},"excerpt":{"rendered":"<p>Mar\u00eda Pino Brumberg firmar\u00e1 ejemplares de su autobiograf\u00eda, Con alas en los pies, el lunes 21 en Los Cristianos El libro conciencia a los lectores de las frustraciones diarias que sufren las personas con movilidad reducida La escritora participa hoy &hellip; <a href=\"https:\/\/mariapinobrumberg.com\/blog\/?p=151\">Sigue leyendo <span class=\"meta-nav\">&rarr;<\/span><\/a><\/p>\n","protected":false},"author":1,"featured_media":0,"comment_status":"open","ping_status":"open","sticky":false,"template":"","format":"standard","meta":{"footnotes":""},"categories":[7,3],"tags":[],"class_list":["post-151","post","type-post","status-publish","format-standard","hentry","category-firmas-de-libro","category-entrega-de-libro-en-el-colegio-luthe-king"],"_links":{"self":[{"href":"https:\/\/mariapinobrumberg.com\/blog\/index.php?rest_route=\/wp\/v2\/posts\/151","targetHints":{"allow":["GET"]}}],"collection":[{"href":"https:\/\/mariapinobrumberg.com\/blog\/index.php?rest_route=\/wp\/v2\/posts"}],"about":[{"href":"https:\/\/mariapinobrumberg.com\/blog\/index.php?rest_route=\/wp\/v2\/types\/post"}],"author":[{"embeddable":true,"href":"https:\/\/mariapinobrumberg.com\/blog\/index.php?rest_route=\/wp\/v2\/users\/1"}],"replies":[{"embeddable":true,"href":"https:\/\/mariapinobrumberg.com\/blog\/index.php?rest_route=%2Fwp%2Fv2%2Fcomments&post=151"}],"version-history":[{"count":3,"href":"https:\/\/mariapinobrumberg.com\/blog\/index.php?rest_route=\/wp\/v2\/posts\/151\/revisions"}],"predecessor-version":[{"id":154,"href":"https:\/\/mariapinobrumberg.com\/blog\/index.php?rest_route=\/wp\/v2\/posts\/151\/revisions\/154"}],"wp:attachment":[{"href":"https:\/\/mariapinobrumberg.com\/blog\/index.php?rest_route=%2Fwp%2Fv2%2Fmedia&parent=151"}],"wp:term":[{"taxonomy":"category","embeddable":true,"href":"https:\/\/mariapinobrumberg.com\/blog\/index.php?rest_route=%2Fwp%2Fv2%2Fcategories&post=151"},{"taxonomy":"post_tag","embeddable":true,"href":"https:\/\/mariapinobrumberg.com\/blog\/index.php?rest_route=%2Fwp%2Fv2%2Ftags&post=151"}],"curies":[{"name":"wp","href":"https:\/\/api.w.org\/{rel}","templated":true}]}}