{"id":1527,"date":"2015-03-19T19:45:56","date_gmt":"2015-03-19T18:45:56","guid":{"rendered":"https:\/\/mariapinobrumberg.com\/blog\/?p=1527"},"modified":"2015-03-19T19:45:56","modified_gmt":"2015-03-19T18:45:56","slug":"cambiar-es-crecer-incluso-en-los-peores-momentos-es-posible-la-alegria","status":"publish","type":"post","link":"https:\/\/mariapinobrumberg.com\/blog\/?p=1527","title":{"rendered":"Cambiar es crecer: Incluso en los peores momentos es posible la alegr\u00eda"},"content":{"rendered":"<p>NO S\u00c9 PORQU\u00c9 NO PUEDO INSERTAR FOTOS NUEVAS, AS\u00cd QUE PONGO MI ART\u00cdCULO DE MARZO EN EL PERI\u00d3DICO<em> LA LAGUNA MENSUAL<\/em> DIRECTAMENTE&#8230;<\/p>\n<p><strong>INCLUSO EN LOS PEORES MOMENTOS ES POSIBLE LA ALEGR\u00cdA<br \/>\n<\/strong><br \/>\n   No ten\u00eda claro c\u00f3mo empezar a escribir el art\u00edculo de este mes para informar de mi participaci\u00f3n este d\u00eda 21 en las<strong> I Jornadas de La Laguna en positivo<\/strong>, y la primera frase que me vino a la mente ha sido la del t\u00edtulo; y qu\u00e9 lindo me qued\u00f3. Pues s\u00ed. En muchos momentos, con mi experiencia vital, puedo dar f\u00e9 de ello; estar\u00e1n de acuerdo, y si no, te aconsejo que te acerques dicho s\u00e1bado 21 de marzo a escucharnos, a varios ponentes que relatar\u00e9 m\u00e1s adelante y a mu\u00e1,  al espacio Aguere Cultural, situado en la Calle Herradores 47. S\u00ed, donde los antiguos cines de la ciudad.<br \/>\n   Cuando me pidieron entrar a participar como ponente en dichas jornadas, me puse algo seria\u2026 \u2013 en una charla de positividad?? Hombre\u2026 nunca he dado ninguna de este tipo\u2026\u2013, y su organizador,<em> Jos\u00e9 Juan Rivero <\/em>me dijo: \u2013pero si lo haces siempre, es lo que transmites!!\u2013 \u2013Vale, cuenta conmigo\u2013 respond\u00ed embarc\u00e1ndome en este nuevo reto, que es algo que todos necesitamos para echarle un poquito de sal a la vida: nuevos retos.<br \/>\n   No quiero que nadie se sienta enga\u00f1ado, porque yo no desbordo positividad por los cuatro costados siempre, a pesar de que muchos puedan pensarlo; pero lo que s\u00ed es verdad es que se la trasmito a otras personas, junto con fuerza, valent\u00eda, motivaci\u00f3n, alegr\u00eda, esperanza\u2026 y eso es algo que me da cucharadas de mi propia medicina y me hace tener m\u00e1s positividad, y as\u00ed, seguir comparti\u00e9ndola, pues es lo que me llena.<br \/>\n   En mi lucha diaria la necesito, si no no podr\u00eda levantarme de la cama. Trato de ver las cosas con positividad gracias al m\u00e1gico lema: Querer es poder, tan cierto. Porque cuando uno quiere ser feliz, cuando se empe\u00f1a, ser\u00e1 mucho m\u00e1s sencillo llenarse de esos momentos de felicidad, aunque sean pocos y te parezcan simples tonter\u00edas \u2013como comerte un helado o mirar el cielo nublado\u2013, si quieres puedes cambiar tu forma de ver las cosas y situaciones para tener una visi\u00f3n m\u00e1s positiva, y muy importante; contagiar\u00e1s a todo tu entorno. Para m\u00ed un ingrediente fundamental para atraer la positividad es el sentido del humor, y sin duda, hacer las cosas con amor.  <\/p>\n<p><a href=\"https:\/\/mariapinobrumberg.com\/blog\/wp-content\/uploads\/2014\/01\/CIMG1041.jpg\"><img loading=\"lazy\" decoding=\"async\" src=\"https:\/\/mariapinobrumberg.com\/blog\/wp-content\/uploads\/2014\/01\/CIMG1041-225x300.jpg\" alt=\"CIMG1041\" width=\"225\" height=\"300\" class=\"aligncenter size-medium wp-image-1345\" srcset=\"https:\/\/mariapinobrumberg.com\/blog\/wp-content\/uploads\/2014\/01\/CIMG1041-225x300.jpg 225w, https:\/\/mariapinobrumberg.com\/blog\/wp-content\/uploads\/2014\/01\/CIMG1041-768x1024.jpg 768w, https:\/\/mariapinobrumberg.com\/blog\/wp-content\/uploads\/2014\/01\/CIMG1041.jpg 1536w\" sizes=\"auto, (max-width: 225px) 100vw, 225px\" \/><\/a><\/p>\n<p>   Esta nueva iniciativa parte del psic\u00f3logo Jos\u00e9 Juan Rivero, y ser\u00e1n las primeras Jornadas que acoger\u00e1 La Laguna con esta denominaci\u00f3n \u2013La Laguna en Positivo\u2013, un proyecto con el apoyo e impulso del Ayuntamiento de La Laguna, y pretende ser un foro donde personas que hayan tenido experiencias negativas en la vida, las hayan sabido transformar en algo positivo.<br \/>\n   As\u00ed que ya sabes, si quieres potenciar tu pensamiento positivo y llenarte de buen rollito \u00a1no faltes!<br \/>\n   Ponentes y t\u00edtulos de ponencias en 20 minutos (m\u00e1s o menos, excepto la \u00faltima que ser\u00e1 de unos 50, ya que contamos con un ponente de reconocido prestigio: el Dr Eduardo J\u00e1uregui)<\/p>\n<p><em>Optimismo Inteligente &#8211; Jose Juan Rivero P\u00e9rez.<\/p>\n<p>Ser\u00e1s lo que quieras ser &#8211; C\u00e9sar Sar<\/p>\n<p>Crea tu cambio &#8211; Mar\u00eda Pino Brumberg<\/p>\n<p>Ciudades son personas &#8211; Leocadio Martin Psic\u00f3logo<\/p>\n<p>Bocetos de una vida a trav\u00e9s de la Red &#8211; Ylka Tapia<\/p>\n<p>El Humor un paraguas ante la Adversidad &#8211; Eduardo J\u00e1uregui<\/em><\/p>\n<p>Tel\u00e9fono de informaci\u00f3n para el evento: 619 04 69 31<br \/>\nFacebook: La Laguna en Positivo.<\/p>\n<p>                                      <em>    Mery<\/em><a href=\"https:\/\/mariapinobrumberg.com\/blog\/wp-content\/uploads\/2013\/08\/EL-M\u00cdO.png\"><img loading=\"lazy\" decoding=\"async\" src=\"https:\/\/mariapinobrumberg.com\/blog\/wp-content\/uploads\/2013\/08\/EL-M\u00cdO-150x132.png\" alt=\"EL M\u00cdO\" width=\"150\" height=\"132\" class=\"alignright size-thumbnail wp-image-1165\" \/><\/a><\/p>\n","protected":false},"excerpt":{"rendered":"<p>NO S\u00c9 PORQU\u00c9 NO PUEDO INSERTAR FOTOS NUEVAS, AS\u00cd QUE PONGO MI ART\u00cdCULO DE MARZO EN EL PERI\u00d3DICO LA LAGUNA MENSUAL DIRECTAMENTE&#8230; INCLUSO EN LOS PEORES MOMENTOS ES POSIBLE LA ALEGR\u00cdA No ten\u00eda claro c\u00f3mo empezar a escribir el art\u00edculo &hellip; <a href=\"https:\/\/mariapinobrumberg.com\/blog\/?p=1527\">Sigue leyendo <span class=\"meta-nav\">&rarr;<\/span><\/a><\/p>\n","protected":false},"author":1,"featured_media":0,"comment_status":"open","ping_status":"open","sticky":false,"template":"","format":"standard","meta":{"footnotes":""},"categories":[19,6,10],"tags":[],"class_list":["post-1527","post","type-post","status-publish","format-standard","hentry","category-articulos-en-prensa","category-conferenciasponencias","category-lamalamaria"],"_links":{"self":[{"href":"https:\/\/mariapinobrumberg.com\/blog\/index.php?rest_route=\/wp\/v2\/posts\/1527","targetHints":{"allow":["GET"]}}],"collection":[{"href":"https:\/\/mariapinobrumberg.com\/blog\/index.php?rest_route=\/wp\/v2\/posts"}],"about":[{"href":"https:\/\/mariapinobrumberg.com\/blog\/index.php?rest_route=\/wp\/v2\/types\/post"}],"author":[{"embeddable":true,"href":"https:\/\/mariapinobrumberg.com\/blog\/index.php?rest_route=\/wp\/v2\/users\/1"}],"replies":[{"embeddable":true,"href":"https:\/\/mariapinobrumberg.com\/blog\/index.php?rest_route=%2Fwp%2Fv2%2Fcomments&post=1527"}],"version-history":[{"count":1,"href":"https:\/\/mariapinobrumberg.com\/blog\/index.php?rest_route=\/wp\/v2\/posts\/1527\/revisions"}],"predecessor-version":[{"id":1528,"href":"https:\/\/mariapinobrumberg.com\/blog\/index.php?rest_route=\/wp\/v2\/posts\/1527\/revisions\/1528"}],"wp:attachment":[{"href":"https:\/\/mariapinobrumberg.com\/blog\/index.php?rest_route=%2Fwp%2Fv2%2Fmedia&parent=1527"}],"wp:term":[{"taxonomy":"category","embeddable":true,"href":"https:\/\/mariapinobrumberg.com\/blog\/index.php?rest_route=%2Fwp%2Fv2%2Fcategories&post=1527"},{"taxonomy":"post_tag","embeddable":true,"href":"https:\/\/mariapinobrumberg.com\/blog\/index.php?rest_route=%2Fwp%2Fv2%2Ftags&post=1527"}],"curies":[{"name":"wp","href":"https:\/\/api.w.org\/{rel}","templated":true}]}}