{"id":1559,"date":"2015-06-15T22:46:09","date_gmt":"2015-06-15T21:46:09","guid":{"rendered":"https:\/\/mariapinobrumberg.com\/blog\/?p=1559"},"modified":"2015-06-15T22:56:28","modified_gmt":"2015-06-15T21:56:28","slug":"el-espacio-de-todas-la-posibilidades","status":"publish","type":"post","link":"https:\/\/mariapinobrumberg.com\/blog\/?p=1559","title":{"rendered":"\u00abEl espacio de todas la posibilidades\u00bb"},"content":{"rendered":"<p>Aisssssssssss que por fin me van a  operar del pie equino!! Tanto tiempo esperando -2 a\u00f1os y 2 meses-,   y me llaman   para ingresar justo 2 d\u00edas antes de un viaje que ten\u00eda previsto para ir a unas jornadas cient\u00edficas  en Segovia&#8230; as\u00ed que tuve que cancelarlo todo para que no me dieran  de baja en<em> la lista&#8230;<br \/>\n<\/em><br \/>\nNo me lo creo, ahora tengo que esperar a que  me llamen  el mi\u00e9rcoles para ingresar a la tarde. Ya ir\u00e9 informando por <em>el face&#8230;   <\/em>a ver c\u00f3mo se portan esas enfermeras y los m\u00e9dicos, jejeje<\/p>\n<p>Cambiando ahora de tercio, el pr\u00f3ximo evento en el que tendr\u00e9 la oportunidad de participar ser\u00e1 el d\u00eda 27 de junio, si todo sale bien en la operaci\u00f3n y puedo ir con la pierna enyesada, que seguro que s\u00ed, como voy en  silla de  ruedas igual, evidentemente jajaja; pues listo!!   Y no tengo que coger avi\u00f3n, es aqu\u00ed en la Isla, en Arona:<\/p>\n<p><a href=\"https:\/\/mariapinobrumberg.com\/blog\/?attachment_id=1560\" rel=\"attachment wp-att-1560\"><img loading=\"lazy\" decoding=\"async\" src=\"https:\/\/mariapinobrumberg.com\/blog\/wp-content\/uploads\/2015\/06\/13825_1455244904791481_8934056862138548848_n-225x300.jpg\" alt=\"13825_1455244904791481_8934056862138548848_n\" width=\"225\" height=\"300\" class=\"aligncenter size-medium wp-image-1560\" srcset=\"https:\/\/mariapinobrumberg.com\/blog\/wp-content\/uploads\/2015\/06\/13825_1455244904791481_8934056862138548848_n-225x300.jpg 225w, https:\/\/mariapinobrumberg.com\/blog\/wp-content\/uploads\/2015\/06\/13825_1455244904791481_8934056862138548848_n.jpg 720w\" sizes=\"auto, (max-width: 225px) 100vw, 225px\" \/><\/a><\/p>\n<p>El evento est\u00e1 organizado por el<strong> Instituto Canario de Desarrollo Personal<\/strong> y tiene por t\u00edtulo <strong>\u00abLa Transformaci\u00f3n a trav\u00e9s del Arte\u00bb<\/strong>, tendr\u00e1 lugar el s\u00e1bado 27 de junio en el <em>Hotel Paradise Park<\/em>, en Los Cristianos, y el horario es de 10:00 a 14:00 horas. La entrada es gratuita, el aforo es limitado, as\u00ed  que para inscribirte manda un correo a: icdesarrollopersonal@gmail.com , y para tener reservada tu plaza has de esperar confirmaci\u00f3n.<br \/>\nLos participantes somos: <\/p>\n<p>&#8211; <strong>Alexis Alonso<\/strong>: Compositor y Pianista.<a href=\"http:\/\/Evento Organizado por el Instituto Canario de Desarrollo Personal.\"> www.alexisalonso.com<\/a><br \/>\n&#8211; <strong>Sarai Exp\u00f3sito<\/strong>: Profesora Ballet Cl\u00e1sico y Componente de Ballets de Tenerife.<br \/>\n&#8211;<strong> Carlos Rey<\/strong>: Escultor, creativo vocacional, artista, autodidacta multidisciplinar y hombre t\u00e9cnico.<br \/>\n&#8211;<strong> Alicia Rodr\u00edguez Reyes:<\/strong> Periodista y Actriz. arleticia@gmail.com<br \/>\n&#8211;<strong> Pablo R. Montenegro<\/strong>:  Miembro Directivo en Vangram Creaciones.<br \/>\n&#8211; <strong>Norberto Hern\u00e1ndez: <\/strong>Miembro Fundador del Instituto Canario de Desarrollo Personal. Coaching y Liderazgo, Coaching Tanatol\u00f3gico, Comunicaci\u00f3n Interpersonal, Inteligencia Emocional y Negociaci\u00f3n. norberhdez@hotmail.com<br \/>\n&#8211; Y mu\u00e1, <strong>Mar\u00eda Pino Brumberg:<\/strong> Escritora, divulgadora social de ataxias e impulsora de la iniciativa STOP-FA,  iniciativa que apoya un proyecto cient\u00edfico cuyo objetivo es curar la enfermedad que padece, la ataxia  de Friedreich. Los beneficios de los libros que se vendan en este acto ir\u00e1n destinados  para colaborar con  esta iniciativa.<\/p>\n<p>Ser\u00e1 un acto lleno de  experiencias, \u00a1reserva ya tu plaza!<\/p>\n<p>Besos,<em><br \/>\n                             Mery<\/em><a href=\"https:\/\/mariapinobrumberg.com\/blog\/?attachment_id=1165\" rel=\"attachment wp-att-1165\"><img loading=\"lazy\" decoding=\"async\" src=\"https:\/\/mariapinobrumberg.com\/blog\/wp-content\/uploads\/2013\/08\/EL-M\u00cdO-150x132.png\" alt=\"EL M\u00cdO\" width=\"150\" height=\"132\" class=\"alignright size-thumbnail wp-image-1165\" \/><\/a><\/p>\n","protected":false},"excerpt":{"rendered":"<p>Aisssssssssss que por fin me van a operar del pie equino!! Tanto tiempo esperando -2 a\u00f1os y 2 meses-, y me llaman para ingresar justo 2 d\u00edas antes de un viaje que ten\u00eda previsto para ir a unas jornadas cient\u00edficas &hellip; <a href=\"https:\/\/mariapinobrumberg.com\/blog\/?p=1559\">Sigue leyendo <span class=\"meta-nav\">&rarr;<\/span><\/a><\/p>\n","protected":false},"author":1,"featured_media":0,"comment_status":"open","ping_status":"open","sticky":false,"template":"","format":"standard","meta":{"footnotes":""},"categories":[6,7,3,10,21],"tags":[],"class_list":["post-1559","post","type-post","status-publish","format-standard","hentry","category-conferenciasponencias","category-firmas-de-libro","category-entrega-de-libro-en-el-colegio-luthe-king","category-lamalamaria","category-stop-fa"],"_links":{"self":[{"href":"https:\/\/mariapinobrumberg.com\/blog\/index.php?rest_route=\/wp\/v2\/posts\/1559","targetHints":{"allow":["GET"]}}],"collection":[{"href":"https:\/\/mariapinobrumberg.com\/blog\/index.php?rest_route=\/wp\/v2\/posts"}],"about":[{"href":"https:\/\/mariapinobrumberg.com\/blog\/index.php?rest_route=\/wp\/v2\/types\/post"}],"author":[{"embeddable":true,"href":"https:\/\/mariapinobrumberg.com\/blog\/index.php?rest_route=\/wp\/v2\/users\/1"}],"replies":[{"embeddable":true,"href":"https:\/\/mariapinobrumberg.com\/blog\/index.php?rest_route=%2Fwp%2Fv2%2Fcomments&post=1559"}],"version-history":[{"count":4,"href":"https:\/\/mariapinobrumberg.com\/blog\/index.php?rest_route=\/wp\/v2\/posts\/1559\/revisions"}],"predecessor-version":[{"id":1564,"href":"https:\/\/mariapinobrumberg.com\/blog\/index.php?rest_route=\/wp\/v2\/posts\/1559\/revisions\/1564"}],"wp:attachment":[{"href":"https:\/\/mariapinobrumberg.com\/blog\/index.php?rest_route=%2Fwp%2Fv2%2Fmedia&parent=1559"}],"wp:term":[{"taxonomy":"category","embeddable":true,"href":"https:\/\/mariapinobrumberg.com\/blog\/index.php?rest_route=%2Fwp%2Fv2%2Fcategories&post=1559"},{"taxonomy":"post_tag","embeddable":true,"href":"https:\/\/mariapinobrumberg.com\/blog\/index.php?rest_route=%2Fwp%2Fv2%2Ftags&post=1559"}],"curies":[{"name":"wp","href":"https:\/\/api.w.org\/{rel}","templated":true}]}}