{"id":1643,"date":"2016-06-08T13:07:07","date_gmt":"2016-06-08T12:07:07","guid":{"rendered":"https:\/\/mariapinobrumberg.com\/blog\/?p=1643"},"modified":"2016-06-08T13:09:11","modified_gmt":"2016-06-08T12:09:11","slug":"playas-accesibles-yo-adaptadas-en-tenerife","status":"publish","type":"post","link":"https:\/\/mariapinobrumberg.com\/blog\/?p=1643","title":{"rendered":"Playas accesibles y\/o adaptadas en Tenerife."},"content":{"rendered":"<p>Parece que el verano ya est\u00e1 aqu\u00ed!! As\u00ed que les copio un art\u00edculo del a\u00f1o pasado donde incluyo una lista de las playas accesibles y\/o adaptadas para todas las personas con movilidad reducida -PMR- en la isla de Tenerife:<\/p>\n<p><a href=\"https:\/\/mariapinobrumberg.com\/blog\/?attachment_id=1644\" rel=\"attachment wp-att-1644\"><img loading=\"lazy\" decoding=\"async\" src=\"https:\/\/mariapinobrumberg.com\/blog\/wp-content\/uploads\/2016\/06\/25185-1.jpg\" alt=\"25185 (1)\" width=\"428\" height=\"858\" class=\"aligncenter size-full wp-image-1644\" srcset=\"https:\/\/mariapinobrumberg.com\/blog\/wp-content\/uploads\/2016\/06\/25185-1.jpg 428w, https:\/\/mariapinobrumberg.com\/blog\/wp-content\/uploads\/2016\/06\/25185-1-150x300.jpg 150w\" sizes=\"auto, (max-width: 428px) 100vw, 428px\" \/><\/a><\/p>\n<p>\u00a1\u00a1Disfruten de sus alas!!<\/p>\n<p>                        <em>Mery<a href=\"https:\/\/mariapinobrumberg.com\/blog\/?attachment_id=1624\" rel=\"attachment wp-att-1624\"><img loading=\"lazy\" decoding=\"async\" src=\"https:\/\/mariapinobrumberg.com\/blog\/wp-content\/uploads\/2016\/05\/EL-M\u00cdO-150x132.png\" alt=\"EL M\u00cdO\" width=\"150\" height=\"132\" class=\"alignright size-thumbnail wp-image-1624\" \/><\/a><\/p>\n","protected":false},"excerpt":{"rendered":"<p>Parece que el verano ya est\u00e1 aqu\u00ed!! As\u00ed que les copio un art\u00edculo del a\u00f1o pasado donde incluyo una lista de las playas accesibles y\/o adaptadas para todas las personas con movilidad reducida -PMR- en la isla de Tenerife: \u00a1\u00a1Disfruten &hellip; <a href=\"https:\/\/mariapinobrumberg.com\/blog\/?p=1643\">Sigue leyendo <span class=\"meta-nav\">&rarr;<\/span><\/a><\/p>\n","protected":false},"author":1,"featured_media":0,"comment_status":"open","ping_status":"open","sticky":false,"template":"","format":"standard","meta":{"footnotes":""},"categories":[19,10],"tags":[],"class_list":["post-1643","post","type-post","status-publish","format-standard","hentry","category-articulos-en-prensa","category-lamalamaria"],"_links":{"self":[{"href":"https:\/\/mariapinobrumberg.com\/blog\/index.php?rest_route=\/wp\/v2\/posts\/1643","targetHints":{"allow":["GET"]}}],"collection":[{"href":"https:\/\/mariapinobrumberg.com\/blog\/index.php?rest_route=\/wp\/v2\/posts"}],"about":[{"href":"https:\/\/mariapinobrumberg.com\/blog\/index.php?rest_route=\/wp\/v2\/types\/post"}],"author":[{"embeddable":true,"href":"https:\/\/mariapinobrumberg.com\/blog\/index.php?rest_route=\/wp\/v2\/users\/1"}],"replies":[{"embeddable":true,"href":"https:\/\/mariapinobrumberg.com\/blog\/index.php?rest_route=%2Fwp%2Fv2%2Fcomments&post=1643"}],"version-history":[{"count":3,"href":"https:\/\/mariapinobrumberg.com\/blog\/index.php?rest_route=\/wp\/v2\/posts\/1643\/revisions"}],"predecessor-version":[{"id":1647,"href":"https:\/\/mariapinobrumberg.com\/blog\/index.php?rest_route=\/wp\/v2\/posts\/1643\/revisions\/1647"}],"wp:attachment":[{"href":"https:\/\/mariapinobrumberg.com\/blog\/index.php?rest_route=%2Fwp%2Fv2%2Fmedia&parent=1643"}],"wp:term":[{"taxonomy":"category","embeddable":true,"href":"https:\/\/mariapinobrumberg.com\/blog\/index.php?rest_route=%2Fwp%2Fv2%2Fcategories&post=1643"},{"taxonomy":"post_tag","embeddable":true,"href":"https:\/\/mariapinobrumberg.com\/blog\/index.php?rest_route=%2Fwp%2Fv2%2Ftags&post=1643"}],"curies":[{"name":"wp","href":"https:\/\/api.w.org\/{rel}","templated":true}]}}