{"id":1649,"date":"2016-06-22T21:22:01","date_gmt":"2016-06-22T20:22:01","guid":{"rendered":"https:\/\/mariapinobrumberg.com\/blog\/?p=1649"},"modified":"2016-06-22T21:22:01","modified_gmt":"2016-06-22T20:22:01","slug":"y-que-paso","status":"publish","type":"post","link":"https:\/\/mariapinobrumberg.com\/blog\/?p=1649","title":{"rendered":"\u00bfY qu\u00e9 pas\u00f3&#8230;?"},"content":{"rendered":"<p><strong>\u00bfY qu\u00e9 pas\u00f3 con el pol\u00e9mico tema de la guagua accesible y adaptada que me aseguraron pondr\u00edan en el transporte gratuito que ofrece la compa\u00f1\u00eda Fred Olsen?<br \/>\n<\/strong><br \/>\nVer\u00e1n, para quien no lo sepa o para quien lo haya olvidado les har\u00e9 un breve resumen: hace unas semanas viaj\u00e9 con unas amigas a Las Palmas, y como siempre al reservar mi billete ya empec\u00e9 a verme con impedimentos hacia las personas con alguna discapacidad f\u00edsica severa -como es mi caso-, ya que no pod\u00eda acceder al transporte gratuito en guagua desde Agaete a Las Palmas que ofrece la compa\u00f1\u00eda al comprar el pasaje; y al momento por tel\u00e9fono se lavaron las manos y ya est\u00e1. As\u00ed que me indign\u00e9 y redact\u00e9 una queja por Facebook que tuvo mucha repercusi\u00f3n. Al d\u00eda siguiente contact\u00f3 conmigo el Se\u00f1or Fred y acordamos que el d\u00eda de mi llegada nos vendr\u00eda a buscar esa guagua adaptada pues quer\u00eda atestiguar con hechos las palabras. Si quieren leer el escrito completo pinchen en este enlace: <a href=\"https:\/\/mariapinobrumberg.com\/blog\/?p=1629\" target=\"_blank\">Ay esas conciencias&#8230;<\/a><\/p>\n<p><a href=\"https:\/\/mariapinobrumberg.com\/blog\/?attachment_id=1650\" rel=\"attachment wp-att-1650\"><img loading=\"lazy\" decoding=\"async\" src=\"https:\/\/mariapinobrumberg.com\/blog\/wp-content\/uploads\/2016\/06\/13254097_10154113415956772_6431859975600782349_n-240x300.jpg\" alt=\"13254097_10154113415956772_6431859975600782349_n\" width=\"240\" height=\"300\" class=\"aligncenter size-medium wp-image-1650\" srcset=\"https:\/\/mariapinobrumberg.com\/blog\/wp-content\/uploads\/2016\/06\/13254097_10154113415956772_6431859975600782349_n-240x300.jpg 240w, https:\/\/mariapinobrumberg.com\/blog\/wp-content\/uploads\/2016\/06\/13254097_10154113415956772_6431859975600782349_n.jpg 768w\" sizes=\"auto, (max-width: 240px) 100vw, 240px\" \/><\/a><\/p>\n<p>El d\u00eda que llegu\u00e9 a Agaete nos esperaba un taxi adaptado para m\u00ed y mis dos amigas caminantes que nos llev\u00f3 a Las Palmas. No estaba la guagua adaptada.<br \/>\nNo quise darle muchas vueltas, ya estaba algo cabreada, y lo excus\u00e9 en mi interior ya que (creo) en el viaje era la \u00fanica persona que iba en silla de ruedas; y adem\u00e1s, deb\u00eda guardar energ\u00edas ya que me aventuraba a pasar m\u00e1s inconvenientes los pr\u00f3ximos d\u00edas: como por ejemplo lo que nos pas\u00f3 al d\u00eda siguiente y que pueden leer en este escrito: <a href=\"https:\/\/mariapinobrumberg.com\/blog\/?p=1636\" target=\"_blank\">El mosquito de las injusticias<\/a><br \/>\n   As\u00ed que ese mismo d\u00eda escrib\u00ed en mi estado del facebook algo as\u00ed:<strong> AL FINAL NO ESTABA LA GUAGUA ADAPTADA, NOS VINO A BUSCAR UN TAXI ADAPTADO. CUALQUIER PMR -PERSONA CON MOVILIDAD REDUCIDA- QUE REQUIERA DE ESTE TRANSPORTE ADAPTADO CUANDO VIAJE CON FRED OLSEN QUE LLAME PARA SOLICITAR LA MEJOR FORMA EN LA QUE PUEDAN DARLES ESE TRANSPORTE QUE OFRECEN PARA TODOS Y TODAS.<\/strong><\/p>\n<p>   En fin, a las dos semanas me llam\u00f3 el Se\u00f1or Fred para comunicarme que no se hab\u00edan olvidado del asunto, que ten\u00edan una reuni\u00f3n prevista para buscar la soluci\u00f3n m\u00e1s factible para todos y todas; y que pronto me y nos lo har\u00edan saber.<\/p>\n<p>   El d\u00eda que viaj\u00e9 y no estaba la guagua esper\u00e1ndome, yo\u2026 quise entenderlo como que claro que no era factible que  solo adaptaran la guagua ese d\u00eda para m\u00ed, aunque conmigo iban las alrededor de 2000 personas que compartieron esa queja que publiqu\u00e9, y esperaban esa foto subi\u00e9ndome en la guagua adaptada.<br \/>\n<em>\u00bfY c\u00f3mo ser\u00eda la forma m\u00e1s justa de tratar ahora y en el futuro este asunto?<br \/>\n\u00bfHay muchas PMR que al viajar en esta compa\u00f1\u00eda necesiten o quieran utilizar transporte? \u00bfC\u00f3mo lo han hecho y qu\u00e9 forma de hacerlo ven con m\u00e1s facilidades para el futuro?<\/em><br \/>\nCuando viaja el ADEMI u otro equipo de personas con discapacidad f\u00edsica usan transportes adaptados alquilados previamente, as\u00ed recuerdo que fue en mis tiempos como deportista.<br \/>\n<em><br \/>\n\u00bfNo creen que ser\u00eda mejor que adaptaran las guaguas que trabajan para ellos como las guaguas Titsa, con una rampa y varios espacios reservados para aquellos y aquellas que no podemos caminar?<\/em><\/p>\n<p>                                                                                                                        <em>Mery                 <a href=\"https:\/\/mariapinobrumberg.com\/blog\/?attachment_id=1624\" rel=\"attachment wp-att-1624\"><img loading=\"lazy\" decoding=\"async\" src=\"https:\/\/mariapinobrumberg.com\/blog\/wp-content\/uploads\/2016\/05\/EL-M\u00cdO-150x132.png\" alt=\"EL M\u00cdO\" width=\"150\" height=\"132\" class=\"alignright size-thumbnail wp-image-1624\" \/><\/a><\/p>\n","protected":false},"excerpt":{"rendered":"<p>\u00bfY qu\u00e9 pas\u00f3 con el pol\u00e9mico tema de la guagua accesible y adaptada que me aseguraron pondr\u00edan en el transporte gratuito que ofrece la compa\u00f1\u00eda Fred Olsen? Ver\u00e1n, para quien no lo sepa o para quien lo haya olvidado les &hellip; <a href=\"https:\/\/mariapinobrumberg.com\/blog\/?p=1649\">Sigue leyendo <span class=\"meta-nav\">&rarr;<\/span><\/a><\/p>\n","protected":false},"author":1,"featured_media":0,"comment_status":"open","ping_status":"open","sticky":false,"template":"","format":"standard","meta":{"footnotes":""},"categories":[10],"tags":[],"class_list":["post-1649","post","type-post","status-publish","format-standard","hentry","category-lamalamaria"],"_links":{"self":[{"href":"https:\/\/mariapinobrumberg.com\/blog\/index.php?rest_route=\/wp\/v2\/posts\/1649","targetHints":{"allow":["GET"]}}],"collection":[{"href":"https:\/\/mariapinobrumberg.com\/blog\/index.php?rest_route=\/wp\/v2\/posts"}],"about":[{"href":"https:\/\/mariapinobrumberg.com\/blog\/index.php?rest_route=\/wp\/v2\/types\/post"}],"author":[{"embeddable":true,"href":"https:\/\/mariapinobrumberg.com\/blog\/index.php?rest_route=\/wp\/v2\/users\/1"}],"replies":[{"embeddable":true,"href":"https:\/\/mariapinobrumberg.com\/blog\/index.php?rest_route=%2Fwp%2Fv2%2Fcomments&post=1649"}],"version-history":[{"count":1,"href":"https:\/\/mariapinobrumberg.com\/blog\/index.php?rest_route=\/wp\/v2\/posts\/1649\/revisions"}],"predecessor-version":[{"id":1651,"href":"https:\/\/mariapinobrumberg.com\/blog\/index.php?rest_route=\/wp\/v2\/posts\/1649\/revisions\/1651"}],"wp:attachment":[{"href":"https:\/\/mariapinobrumberg.com\/blog\/index.php?rest_route=%2Fwp%2Fv2%2Fmedia&parent=1649"}],"wp:term":[{"taxonomy":"category","embeddable":true,"href":"https:\/\/mariapinobrumberg.com\/blog\/index.php?rest_route=%2Fwp%2Fv2%2Fcategories&post=1649"},{"taxonomy":"post_tag","embeddable":true,"href":"https:\/\/mariapinobrumberg.com\/blog\/index.php?rest_route=%2Fwp%2Fv2%2Ftags&post=1649"}],"curies":[{"name":"wp","href":"https:\/\/api.w.org\/{rel}","templated":true}]}}