{"id":182,"date":"2011-03-30T22:47:54","date_gmt":"2011-03-30T22:47:54","guid":{"rendered":"https:\/\/mariapinobrumberg.com\/blog\/?p=182"},"modified":"2011-03-30T23:30:06","modified_gmt":"2011-03-30T23:30:06","slug":"182","status":"publish","type":"post","link":"https:\/\/mariapinobrumberg.com\/blog\/?p=182","title":{"rendered":"Presentaci\u00f3n  el martes 5 de abril en el I.E.S Las Indias, Santa Cruz de Tenerife&#8230;"},"content":{"rendered":"<p><a href='https:\/\/mariapinobrumberg.com\/blog\/wp-content\/uploads\/2011\/03\/BIOPRESENTACI\u00d3N1.pdf'>BIOPRESENTACI\u00d3N<\/a><div id='gallery-1' class='gallery galleryid-182 gallery-columns-3 gallery-size-thumbnail'><dl class='gallery-item'>\n\t\t\t<dt class='gallery-icon landscape'>\n\t\t\t\t<a href='https:\/\/mariapinobrumberg.com\/blog\/?attachment_id=190'><img loading=\"lazy\" decoding=\"async\" width=\"150\" height=\"150\" src=\"https:\/\/mariapinobrumberg.com\/blog\/wp-content\/uploads\/2011\/03\/DSC02119-150x150.jpg\" class=\"attachment-thumbnail size-thumbnail\" alt=\"\" \/><\/a>\n\t\t\t<\/dt><\/dl><dl class='gallery-item'>\n\t\t\t<dt class='gallery-icon portrait'>\n\t\t\t\t<a href='https:\/\/mariapinobrumberg.com\/blog\/?attachment_id=189'><img loading=\"lazy\" decoding=\"async\" width=\"150\" height=\"150\" src=\"https:\/\/mariapinobrumberg.com\/blog\/wp-content\/uploads\/2011\/03\/PROGRAMA_LAS_INDIAS_copia.jpg2_-150x150.jpg\" class=\"attachment-thumbnail size-thumbnail\" alt=\"\" \/><\/a>\n\t\t\t<\/dt><\/dl>\n\t\t\t<br style='clear: both' \/>\n\t\t<\/div>\n<br \/>\n Mar\u00eda Pino Brumberg presenta<em> Con alas en los pies <\/em>el <strong>martes 5 en el IES Las Indias, en Santa Cruz de Tenerife<\/strong>, en el marco de las I Jornadas de Discapacidad <\/p>\n<p>El Instituto Insular de Atenci\u00f3n Social y Sociosanitaria organiza el evento <\/p>\n<p><\/strong>Mar\u00eda Pino Brumberg<\/strong>, paciente de una enfermedad degenerativa gen\u00e9tica rara y, por el momento, incurable, la <strong>Ataxia de Friedreich, presenta su autobiograf\u00eda<\/strong>, Con alas en los pies, el <strong>pr\u00f3ximo martes, 5 de abril, entre las 12:10 y las 13:05 en el I.E.S. Las Indias, en la calle Eladio Roca Salazar, 8-A, de Santa Cruz de Tenerife, y en el marco de las I Jornadas de Discapacidad. Adem\u00e1s, sus lectores podr\u00e1n adquirir un ejemplar firmado y con su sello personal. <\/strong>El evento est\u00e1 organizado por el Instituto Insular de Atenci\u00f3n Social  y Socio sanitaria (I.A.S.S.), a trav\u00e9s del <strong>programa Tenerife Solidario, y se integra dentro de la campa\u00f1a de promoci\u00f3n del voluntariado en los J\u00f3venes \u00abCuenta conmigo\u00bb.<\/strong><br \/>\n Con su primer libro, Mar\u00eda Pino Brumberg logra concienciar de las frustraciones y limitaciones que sufren a diario las personas con movilidad reducida y del apoyo que necesitan para integrarse plenamente en la sociedad. La obra, incluida en la colecci\u00f3n Caj\u00f3n de<br \/>\nSastre de Ediciones Idea, cuenta con un pr\u00f3logo del escritor <strong>Alberto V\u00e1zquez Figueroa<\/strong>, quien apunta: <em>\u00abEn estas p\u00e1ginas conviven una ni\u00f1a so\u00f1adora, una muchacha asustada y una adulta golpeada pero nunca vencida\u00bb.<\/em> <\/p>\n<p>Mar\u00eda Pino Brumberg relata en su autobiograf\u00eda, Con alas en los pies, cada paso atr\u00e1s que le ha hecho dar su enfermedad, la ataxia de Friedreich. As\u00ed, de caminar con dificultades, pas\u00f3 a usar una muleta, de la muleta a un andador y del andador a la silla de ruedas. Una vez que acepta su enfermedad, Mar\u00eda comienza a luchar con gran tenacidad por la integraci\u00f3n de las personas con discapacidad. El volumen incluye dos anexos fotogr\u00e1ficos muy ilustrativos de las experiencias narradas en el mismo.<\/p>\n<p><strong>Alberto V\u00e1zquez Figueroa<\/strong> se\u00f1ala en el pr\u00f3logo de esta primera obra de Mar\u00eda Pino Brumberg: <em>\u00abEste es uno de los libros que m\u00e1s me han fascinado e impresionado de cuantos he le\u00eddo en los \u00faltimos tiempos. Es un relato valiente y sobrecogedor, sobre todo por el hecho de que sale de la pluma de una hermosa muchacha que poco a poco advierte c\u00f3mo se van truncando sus maravillosos sue\u00f1os juveniles pero contin\u00faa luchando con estremecedor coraje intentando mantener intacta toda su fe y todas sus esperanzas\u00bb. <\/em><strong> <\/p>\n<p>BIO<\/strong><\/p>\n<p>Mar\u00eda Pino Brumberg naci\u00f3 en Santa Cruz de Tenerife en 1981. Licenciada en Geograf\u00eda por la Universidad de La Laguna,  esta  joven artista se ha  tenido   que enfrentar a una enfermedad degenerativa, la Ataxia de Friedreich. Paulatinamente se ha ido comprometiendo  con el complejo mundo de la discapacidad, encontrando en el sector de la  cultura el  mejor canal para transmitir un mensaje de superaci\u00f3n personal y de concienciaci\u00f3n que sirva para derrumbar todas las barreras f\u00edsicas y ps\u00edquicas con las que muchas personas tienen que enfrentarse a diario. Mar\u00eda plantea la necesidad de integraci\u00f3n para todos en todos los \u00e1mbitos de la vida social. As\u00ed lo demuestra con su pionera participaci\u00f3n en las islas Canarias, en un desfile de moda desde su silla de ruedas y su colaboraci\u00f3n como modelo fotogr\u00e1fica en proyectos art\u00edsticos. Con todo ello pretende que todos tengamos una visi\u00f3n m\u00e1s positiva y normalizada de la discapacidad. Con la publicaci\u00f3n de su autobiograf\u00eda Con alas en los pies, da inicio a su  andadura en la literatura contempor\u00e1nea. Mar\u00eda ha trabajado durante  tres a\u00f1os en el  Archivo municipal de la integradora Villa de Tegueste. Tambi\u00e9n es nadadora discapacitada en el equipo Ademi Tenerife y escribe en el blog de su p\u00e1gina web: www.mariapinobrumberg.com. Como conferenciante recorre muchas instituciones p\u00fablicas y privadas para debatir sobre temas de actualidad concernientes a la discapacidad, educaci\u00f3n, cultura y sociedad.<\/p>\n<p>Para m\u00e1s informaci\u00f3n:<\/p>\n<p>Tel\u00e9fono de la escritora Mar\u00eda Pino Brumberg: 606 789 400.<\/p>\n<p>Tel\u00e9fono de la responsable de prensa de Ediciones Idea,<\/p>\n<p>Elena Morales: 646 818 316<\/p>\n<p>www.edicionesidea.com<\/p>\n","protected":false},"excerpt":{"rendered":"<p>BIOPRESENTACI\u00d3N Mar\u00eda Pino Brumberg presenta Con alas en los pies el martes 5 en el IES Las Indias, en Santa Cruz de Tenerife, en el marco de las I Jornadas de Discapacidad El Instituto Insular de Atenci\u00f3n Social y Sociosanitaria &hellip; <a href=\"https:\/\/mariapinobrumberg.com\/blog\/?p=182\">Sigue leyendo <span class=\"meta-nav\">&rarr;<\/span><\/a><\/p>\n","protected":false},"author":1,"featured_media":0,"comment_status":"open","ping_status":"open","sticky":false,"template":"","format":"standard","meta":{"footnotes":""},"categories":[6,7,3],"tags":[],"class_list":["post-182","post","type-post","status-publish","format-standard","hentry","category-conferenciasponencias","category-firmas-de-libro","category-entrega-de-libro-en-el-colegio-luthe-king"],"_links":{"self":[{"href":"https:\/\/mariapinobrumberg.com\/blog\/index.php?rest_route=\/wp\/v2\/posts\/182","targetHints":{"allow":["GET"]}}],"collection":[{"href":"https:\/\/mariapinobrumberg.com\/blog\/index.php?rest_route=\/wp\/v2\/posts"}],"about":[{"href":"https:\/\/mariapinobrumberg.com\/blog\/index.php?rest_route=\/wp\/v2\/types\/post"}],"author":[{"embeddable":true,"href":"https:\/\/mariapinobrumberg.com\/blog\/index.php?rest_route=\/wp\/v2\/users\/1"}],"replies":[{"embeddable":true,"href":"https:\/\/mariapinobrumberg.com\/blog\/index.php?rest_route=%2Fwp%2Fv2%2Fcomments&post=182"}],"version-history":[{"count":7,"href":"https:\/\/mariapinobrumberg.com\/blog\/index.php?rest_route=\/wp\/v2\/posts\/182\/revisions"}],"predecessor-version":[{"id":199,"href":"https:\/\/mariapinobrumberg.com\/blog\/index.php?rest_route=\/wp\/v2\/posts\/182\/revisions\/199"}],"wp:attachment":[{"href":"https:\/\/mariapinobrumberg.com\/blog\/index.php?rest_route=%2Fwp%2Fv2%2Fmedia&parent=182"}],"wp:term":[{"taxonomy":"category","embeddable":true,"href":"https:\/\/mariapinobrumberg.com\/blog\/index.php?rest_route=%2Fwp%2Fv2%2Fcategories&post=182"},{"taxonomy":"post_tag","embeddable":true,"href":"https:\/\/mariapinobrumberg.com\/blog\/index.php?rest_route=%2Fwp%2Fv2%2Ftags&post=182"}],"curies":[{"name":"wp","href":"https:\/\/api.w.org\/{rel}","templated":true}]}}