{"id":231,"date":"2011-05-07T18:27:02","date_gmt":"2011-05-07T18:27:02","guid":{"rendered":"https:\/\/mariapinobrumberg.com\/blog\/?p=231"},"modified":"2011-05-07T18:30:42","modified_gmt":"2011-05-07T18:30:42","slug":"%c2%a1%c2%a1vamos-palla-2","status":"publish","type":"post","link":"https:\/\/mariapinobrumberg.com\/blog\/?p=231","title":{"rendered":"\u00a1\u00a1Vamos pall\u00e1!!"},"content":{"rendered":"<p><a href=\"https:\/\/mariapinobrumberg.com\/blog\/wp-content\/uploads\/2011\/05\/DSC021291.jpg\"><img loading=\"lazy\" decoding=\"async\" src=\"https:\/\/mariapinobrumberg.com\/blog\/wp-content\/uploads\/2011\/05\/DSC021291-150x150.jpg\" alt=\"\" title=\"SONY DSC\" width=\"150\" height=\"150\" class=\"alignleft size-thumbnail wp-image-232\" \/><\/a><a href='https:\/\/mariapinobrumberg.com\/blog\/wp-content\/uploads\/2011\/05\/nota-de-prensa-Luther-King1.pdf'>nota de prensa-Luther King<\/a><a href=\"https:\/\/mariapinobrumberg.com\/blog\/wp-content\/uploads\/2011\/05\/lu1.bmp\"><img decoding=\"async\" src=\"https:\/\/mariapinobrumberg.com\/blog\/wp-content\/uploads\/2011\/05\/lu1.bmp\" alt=\"\" title=\"lu\" class=\"aligncenter size-full wp-image-233\" \/><\/a><strong>Mar\u00eda Pino Brumberg presenta Con alas en los pies el martes en el colegio Luther King de La Laguna<\/strong><br \/>\nEl libro conciencia a sus lectores de las frustraciones diarias<br \/>\nque sufren las personas con movilidad reducida <\/p>\n<p>Mar\u00eda Pino Brumberg, paciente de una enfermedad degenerativa gen\u00e9tica rara y, por el momento, incurable, la Ataxia de Friedreich, presenta su autobiograf\u00eda, Con alas en los pies (Ediciones Idea, 2010) el <em>pr\u00f3ximo martes, 10 de mayo, a las 12:00 horas, en el sal\u00f3n de actos del colegio Luther King de La Laguna (Tenerife).<\/em> La escritora ofrecer\u00e1 una charla-coloquio dirigida a los alumnos y profesores del segundo ciclo de secundaria obligatoria y bachillerato del centro. El evento se enmarca en el ciclo de encuentros que la autora viene desarrollando en distintos centros escolares, desde que su libro viera la luz el pasado mes de octubre.<em><em><em> Sin embargo, es posible que para Mar\u00eda -y tambi\u00e9n para el colegio Luther King- la del pr\u00f3ximo martes tenga un valor a\u00f1adido<\/em><\/em><\/em>: Mar\u00eda compartir\u00e1, en esta ocasi\u00f3n, experiencias con  muchos de sus profesores de Infantil, Educaci\u00f3n General B\u00e1sica, Bachillerato y COU, as\u00ed como con cada uno de los rincones del centro donde pas\u00f3 su infancia y su adolescencia. <\/p>\n<p>El <strong><strong>objetivo<\/strong><\/strong> de este encuentro ser\u00e1 el que Mar\u00eda Pino Brumberg se marc\u00f3 como meta al escribir su libro: concienciar a la sociedad en general, y de manera muy especial  a las nuevas generaciones, de que todos somos iguales; que ella, como Martin Luther King, tambi\u00e9n tiene un sue\u00f1o y afirma con rotundidad \u00abI have a dream\u00bb. El mismo sue\u00f1o: llegar\u00e1 un d\u00eda en que la Humanidad lo har\u00e1 realidad.<br \/>\n Ser\u00e1 realidad que todas las personas seremos iguales. Sin distinci\u00f3n de razas, de sexos, de credos. \u00abS\u00ed, pero tambi\u00e9n, sin barreras por razones de discapacidad\u00bb, asegura Mar\u00eda, quien-para lograrlo- va a seguir luchando con todas sus fuerzas.<\/p>\n<p>Siendo alumna del colegio Luther King, Mar\u00eda Pino Brumberg comenz\u00f3 a lidiar, sin saberlo, con su enfermedad. Ella lo cuenta, con tanto autenticidad como valent\u00eda, en los primeros cap\u00edtulos de su libro. Los alumnos lo tienen en la biblioteca del Colegio desde el mes de octubre. Seguro que muchos ya habr\u00e1n apreciado en \u00e9l el valor, la constancia, el esfuerzo y tantos otros valores que Mar\u00eda sabe transmitir de manera siempre clara, sencilla, cruda y con optimista al mismo tiempo. Son los mismo valores que tendr\u00e1n que hacer propios si, de verdad, quieren ser libres a la vez que solidarios y comprometidos con sus semejantes.<\/p>\n<p><strong>Trayectoria de la autora<\/strong><br \/>\nMar\u00eda Pino Brumberg naci\u00f3 en Santa Cruz de Tenerife en 1981. Licenciada en Geograf\u00eda por la Universidad de La Laguna,  esta  joven artista se ha  tenido   que enfrentar a una enfermedad degenerativa, la Ataxia de Friedreich. Paulatinamente se ha ido comprometiendo  con el complejo mundo de la discapacidad, encontrando en el sector de la  cultura el  mejor canal para transmitir un mensaje de superaci\u00f3n personal y de concienciaci\u00f3n que sirva para derrumbar todas las barreras f\u00edsicas y ps\u00edquicas con las que muchas personas tienen que enfrentarse a diario. Mar\u00eda plantea la necesidad de integraci\u00f3n para todos en todos los \u00e1mbitos de la vida social. As\u00ed lo demuestra con su pionera participaci\u00f3n en las islas Canarias, en un desfile de moda desde su silla de ruedas y su colaboraci\u00f3n como modelo fotogr\u00e1fica en proyectos art\u00edsticos. Con todo ello pretende que todos tengamos una visi\u00f3n m\u00e1s positiva y normalizada de la discapacidad. Con la publicaci\u00f3n de su autobiograf\u00eda Con alas en los pies, da inicio a su  andadura en la literatura contempor\u00e1nea. Mar\u00eda ha trabajado durante  tres a\u00f1os en el  Archivo municipal de la integradora Villa de Tegueste. Tambi\u00e9n es nadadora discapacitada en el equipo Ademi Tenerife y escribe en el blog de su p\u00e1gina web: www.mariapinobrumberg.com. Como conferenciante recorre muchas instituciones p\u00fablicas y privadas para debatir sobre temas de actualidad concernientes a la discapacidad, educaci\u00f3n, cultura y sociedad.<\/p>\n<p>Para m\u00e1s informaci\u00f3n:<br \/>\nTel\u00e9fono de la escritora Mar\u00eda Pino Brumberg: 606 789 400.<br \/>\nTel\u00e9fono de la responsable de prensa de Ediciones Idea,<br \/>\nElena Morales: 646 818 316<br \/>\nwww.edicionesidea.com<\/p>\n","protected":false},"excerpt":{"rendered":"<p>nota de prensa-Luther KingMar\u00eda Pino Brumberg presenta Con alas en los pies el martes en el colegio Luther King de La Laguna El libro conciencia a sus lectores de las frustraciones diarias que sufren las personas con movilidad reducida Mar\u00eda &hellip; <a href=\"https:\/\/mariapinobrumberg.com\/blog\/?p=231\">Sigue leyendo <span class=\"meta-nav\">&rarr;<\/span><\/a><\/p>\n","protected":false},"author":1,"featured_media":0,"comment_status":"open","ping_status":"open","sticky":false,"template":"","format":"standard","meta":{"footnotes":""},"categories":[6,3],"tags":[],"class_list":["post-231","post","type-post","status-publish","format-standard","hentry","category-conferenciasponencias","category-entrega-de-libro-en-el-colegio-luthe-king"],"_links":{"self":[{"href":"https:\/\/mariapinobrumberg.com\/blog\/index.php?rest_route=\/wp\/v2\/posts\/231","targetHints":{"allow":["GET"]}}],"collection":[{"href":"https:\/\/mariapinobrumberg.com\/blog\/index.php?rest_route=\/wp\/v2\/posts"}],"about":[{"href":"https:\/\/mariapinobrumberg.com\/blog\/index.php?rest_route=\/wp\/v2\/types\/post"}],"author":[{"embeddable":true,"href":"https:\/\/mariapinobrumberg.com\/blog\/index.php?rest_route=\/wp\/v2\/users\/1"}],"replies":[{"embeddable":true,"href":"https:\/\/mariapinobrumberg.com\/blog\/index.php?rest_route=%2Fwp%2Fv2%2Fcomments&post=231"}],"version-history":[{"count":3,"href":"https:\/\/mariapinobrumberg.com\/blog\/index.php?rest_route=\/wp\/v2\/posts\/231\/revisions"}],"predecessor-version":[{"id":236,"href":"https:\/\/mariapinobrumberg.com\/blog\/index.php?rest_route=\/wp\/v2\/posts\/231\/revisions\/236"}],"wp:attachment":[{"href":"https:\/\/mariapinobrumberg.com\/blog\/index.php?rest_route=%2Fwp%2Fv2%2Fmedia&parent=231"}],"wp:term":[{"taxonomy":"category","embeddable":true,"href":"https:\/\/mariapinobrumberg.com\/blog\/index.php?rest_route=%2Fwp%2Fv2%2Fcategories&post=231"},{"taxonomy":"post_tag","embeddable":true,"href":"https:\/\/mariapinobrumberg.com\/blog\/index.php?rest_route=%2Fwp%2Fv2%2Ftags&post=231"}],"curies":[{"name":"wp","href":"https:\/\/api.w.org\/{rel}","templated":true}]}}