{"id":239,"date":"2011-05-11T23:08:00","date_gmt":"2011-05-11T23:08:00","guid":{"rendered":"https:\/\/mariapinobrumberg.com\/blog\/?p=239"},"modified":"2011-05-11T23:08:00","modified_gmt":"2011-05-11T23:08:00","slug":"porque-yo-tambien-tengo-dias-dificiles-%c2%a1%c2%a1gracias-por-esto","status":"publish","type":"post","link":"https:\/\/mariapinobrumberg.com\/blog\/?p=239","title":{"rendered":"Porque yo tambi\u00e9n tengo d\u00edas dif\u00edciles&#8230; \u00a1\u00a1GRACIAS POR ESTO!!"},"content":{"rendered":"<p><a href=\"https:\/\/mariapinobrumberg.com\/blog\/wp-content\/uploads\/2011\/05\/SDF.jpg\"><img loading=\"lazy\" decoding=\"async\" src=\"https:\/\/mariapinobrumberg.com\/blog\/wp-content\/uploads\/2011\/05\/SDF-150x150.jpg\" alt=\"\" title=\"SDF\" width=\"150\" height=\"150\" class=\"alignleft size-thumbnail wp-image-240\" \/><\/a>Hola Mar\u00eda.<\/p>\n<p>Quisiera hacerte llegar el \u00e9xito que tuvistes en el IES El Sobradillo el 27 de abril. Tanto el profesorado como el alumnado asistente me felicitaban por haber organizado la Charla-Coloquio, <\/p>\n<p>que quede claro \u00abLas Felicitaciones son para T\u00ed\u00bb, pues tu testimonio sirve para que todo aquel que te escucha <\/p>\n<p>despierte a la vida y d\u00e9 sentido a todo aquello que hace.<\/p>\n<p>\u00bb Con alas en los pies \u00ab, es una herramienta m\u00e1s en el quehacer educativo, pues hemos trabajado en clase algunos cap\u00edtulos, los alumnos han sabido <\/p>\n<p>extraer sentimientos, valores, frases significativas y muchas cosa m\u00e1s&#8230; Es un libro con el que interactuas, pues te hace reflexionar y por as\u00ed decirlo <\/p>\n<p>casi te oblliga a implicarte en los problemas sociales presentes en nuestro contexto.<\/p>\n<p>Me alegro de haberte conocido y de que hayas visitado nuestro centro, quedas invitada para el 23 de abril de 2012 (aunque si deseas ir antes, tambi\u00e9n <\/p>\n<p>ser\u00e1s bien recibida).<\/p>\n<p>                           Un saludo<br \/>\n                                                   Irailda Reyes<\/p>\n","protected":false},"excerpt":{"rendered":"<p>Hola Mar\u00eda. Quisiera hacerte llegar el \u00e9xito que tuvistes en el IES El Sobradillo el 27 de abril. Tanto el profesorado como el alumnado asistente me felicitaban por haber organizado la Charla-Coloquio, que quede claro \u00abLas Felicitaciones son para T\u00ed\u00bb, &hellip; <a href=\"https:\/\/mariapinobrumberg.com\/blog\/?p=239\">Sigue leyendo <span class=\"meta-nav\">&rarr;<\/span><\/a><\/p>\n","protected":false},"author":1,"featured_media":0,"comment_status":"open","ping_status":"open","sticky":false,"template":"","format":"standard","meta":{"footnotes":""},"categories":[3],"tags":[],"class_list":["post-239","post","type-post","status-publish","format-standard","hentry","category-entrega-de-libro-en-el-colegio-luthe-king"],"_links":{"self":[{"href":"https:\/\/mariapinobrumberg.com\/blog\/index.php?rest_route=\/wp\/v2\/posts\/239","targetHints":{"allow":["GET"]}}],"collection":[{"href":"https:\/\/mariapinobrumberg.com\/blog\/index.php?rest_route=\/wp\/v2\/posts"}],"about":[{"href":"https:\/\/mariapinobrumberg.com\/blog\/index.php?rest_route=\/wp\/v2\/types\/post"}],"author":[{"embeddable":true,"href":"https:\/\/mariapinobrumberg.com\/blog\/index.php?rest_route=\/wp\/v2\/users\/1"}],"replies":[{"embeddable":true,"href":"https:\/\/mariapinobrumberg.com\/blog\/index.php?rest_route=%2Fwp%2Fv2%2Fcomments&post=239"}],"version-history":[{"count":2,"href":"https:\/\/mariapinobrumberg.com\/blog\/index.php?rest_route=\/wp\/v2\/posts\/239\/revisions"}],"predecessor-version":[{"id":242,"href":"https:\/\/mariapinobrumberg.com\/blog\/index.php?rest_route=\/wp\/v2\/posts\/239\/revisions\/242"}],"wp:attachment":[{"href":"https:\/\/mariapinobrumberg.com\/blog\/index.php?rest_route=%2Fwp%2Fv2%2Fmedia&parent=239"}],"wp:term":[{"taxonomy":"category","embeddable":true,"href":"https:\/\/mariapinobrumberg.com\/blog\/index.php?rest_route=%2Fwp%2Fv2%2Fcategories&post=239"},{"taxonomy":"post_tag","embeddable":true,"href":"https:\/\/mariapinobrumberg.com\/blog\/index.php?rest_route=%2Fwp%2Fv2%2Ftags&post=239"}],"curies":[{"name":"wp","href":"https:\/\/api.w.org\/{rel}","templated":true}]}}