{"id":246,"date":"2011-05-25T13:34:47","date_gmt":"2011-05-25T13:34:47","guid":{"rendered":"https:\/\/mariapinobrumberg.com\/blog\/?p=246"},"modified":"2011-05-25T13:36:00","modified_gmt":"2011-05-25T13:36:00","slug":"246","status":"publish","type":"post","link":"https:\/\/mariapinobrumberg.com\/blog\/?p=246","title":{"rendered":"En el camino&#8230;"},"content":{"rendered":"<p><a href=\"https:\/\/mariapinobrumberg.com\/blog\/wp-content\/uploads\/2011\/05\/CCI25012011_00000.jpg3_.jpg\"><img loading=\"lazy\" decoding=\"async\" src=\"https:\/\/mariapinobrumberg.com\/blog\/wp-content\/uploads\/2011\/05\/CCI25012011_00000.jpg3_-150x150.jpg\" alt=\"\" title=\"CCI25012011_00000.jpg3\" width=\"150\" height=\"150\" class=\"alignleft size-thumbnail wp-image-247\" \/><\/a>\u00a1\u00a1HOLA A TODOS!!<\/p>\n<p>Este viernes, 27 de mayo, dar\u00e9 una charla-coloquio en el<strong> IES Viera y Clavijo<\/strong>, siguiendo las actividades que estoy realizando en varios centros escolares colaborando con el Instituto Insular de Atenci\u00f3n Social y Socio sanitaria <strong>(I.A.S.S), a trav\u00e9s del programa Tenerife Solidario, y se integra dentro de la campa\u00f1a de promoci\u00f3n del voluntariado en los J\u00f3venes \u201cCuenta Conmigo\u201d<\/strong>.<br \/>\nLa charla ser\u00e1 sobre las <strong>12.15 a.m<\/strong>, est\u00e1 en la Avenida Lora y Tamayo, s\/n. 38205.<br \/>\nPara m\u00ed es muy emocionante poder estar ah\u00ed presentando a los chicos mi libro \u201cCon alas en los pies\u201d; <em>es un gran privilegio saber que a trav\u00e9s de su lectura pueda ayudar a que sean mejores personas, a que sean conscientes de los enormes valores que tenemos cada uno dentro de nosotros, trasmitirles cuando me ven y me oyen las ganas de esforzarse, de ser valientes, de no rendirse y de confiar en su propio talento. <\/em>Me honra saber que yo puedo motivarles, considero de gran importancia las grandes lecciones y reflexiones que tendr\u00e1n al leerme, y al escucharme\u2026<br \/>\nA trav\u00e9s de la cultura he encontrado el mejor canal para trasmitir este mensaje; que lleva dentro de s\u00ed otros tantos, pero basado sobre todo en un movimiento de <strong>superaci\u00f3n personal <\/strong>que derrumbe a su vez todas las barreras f\u00edsicas y psicol\u00f3gicas de la sociedad, normalizando la discapacidad y el respeto a la diferencia. <\/p>\n<p><strong>En esta sociedad hay que realzar los valores humanos. Siempre he pensado que la mejor forma de hacerlo es comenzando a trav\u00e9s de la educaci\u00f3n hacia nuestras futuras generaciones, que est\u00e1n perdiendo estos valores alarmantemente\u2026<\/strong><\/p>\n<p>\u00a1\u00a1Todo un reto!!, hasta pronto\u2026<br \/>\n<em>                                               Mery<\/em><\/p>\n","protected":false},"excerpt":{"rendered":"<p>\u00a1\u00a1HOLA A TODOS!! Este viernes, 27 de mayo, dar\u00e9 una charla-coloquio en el IES Viera y Clavijo, siguiendo las actividades que estoy realizando en varios centros escolares colaborando con el Instituto Insular de Atenci\u00f3n Social y Socio sanitaria (I.A.S.S), a &hellip; <a href=\"https:\/\/mariapinobrumberg.com\/blog\/?p=246\">Sigue leyendo <span class=\"meta-nav\">&rarr;<\/span><\/a><\/p>\n","protected":false},"author":1,"featured_media":0,"comment_status":"open","ping_status":"open","sticky":false,"template":"","format":"standard","meta":{"footnotes":""},"categories":[6,3],"tags":[],"class_list":["post-246","post","type-post","status-publish","format-standard","hentry","category-conferenciasponencias","category-entrega-de-libro-en-el-colegio-luthe-king"],"_links":{"self":[{"href":"https:\/\/mariapinobrumberg.com\/blog\/index.php?rest_route=\/wp\/v2\/posts\/246","targetHints":{"allow":["GET"]}}],"collection":[{"href":"https:\/\/mariapinobrumberg.com\/blog\/index.php?rest_route=\/wp\/v2\/posts"}],"about":[{"href":"https:\/\/mariapinobrumberg.com\/blog\/index.php?rest_route=\/wp\/v2\/types\/post"}],"author":[{"embeddable":true,"href":"https:\/\/mariapinobrumberg.com\/blog\/index.php?rest_route=\/wp\/v2\/users\/1"}],"replies":[{"embeddable":true,"href":"https:\/\/mariapinobrumberg.com\/blog\/index.php?rest_route=%2Fwp%2Fv2%2Fcomments&post=246"}],"version-history":[{"count":3,"href":"https:\/\/mariapinobrumberg.com\/blog\/index.php?rest_route=\/wp\/v2\/posts\/246\/revisions"}],"predecessor-version":[{"id":249,"href":"https:\/\/mariapinobrumberg.com\/blog\/index.php?rest_route=\/wp\/v2\/posts\/246\/revisions\/249"}],"wp:attachment":[{"href":"https:\/\/mariapinobrumberg.com\/blog\/index.php?rest_route=%2Fwp%2Fv2%2Fmedia&parent=246"}],"wp:term":[{"taxonomy":"category","embeddable":true,"href":"https:\/\/mariapinobrumberg.com\/blog\/index.php?rest_route=%2Fwp%2Fv2%2Fcategories&post=246"},{"taxonomy":"post_tag","embeddable":true,"href":"https:\/\/mariapinobrumberg.com\/blog\/index.php?rest_route=%2Fwp%2Fv2%2Ftags&post=246"}],"curies":[{"name":"wp","href":"https:\/\/api.w.org\/{rel}","templated":true}]}}