{"id":293,"date":"2011-06-07T13:33:04","date_gmt":"2011-06-07T13:33:04","guid":{"rendered":"https:\/\/mariapinobrumberg.com\/blog\/?p=293"},"modified":"2011-06-07T13:33:04","modified_gmt":"2011-06-07T13:33:04","slug":"si-tienen-preguntas-yo-les-respondo","status":"publish","type":"post","link":"https:\/\/mariapinobrumberg.com\/blog\/?p=293","title":{"rendered":"Si tienen preguntas, yo les respondo&#8230;"},"content":{"rendered":"<p><a href=\"https:\/\/mariapinobrumberg.com\/blog\/wp-content\/uploads\/2011\/06\/IMGP0910.jpg\"><img loading=\"lazy\" decoding=\"async\" src=\"https:\/\/mariapinobrumberg.com\/blog\/wp-content\/uploads\/2011\/06\/IMGP0910-150x150.jpg\" alt=\"\" title=\"IMGP0910\" width=\"150\" height=\"150\" class=\"alignleft size-thumbnail wp-image-294\" \/><\/a>Este viernes,<strong> 10 de junio<\/strong>, ir\u00e9 al Centro Educativo <strong>IES de Geneto<\/strong>, en la Calle Domingo Gonz\u00e1lez P\u00e9rez, 11; en Los Bald\u00edos, La Laguna, Tenerife. <em>Dar\u00e9 una charla-coloquio entre las 12.10 hasta las 13.05.<\/em><strong>Esta vez los alumnos ya se habr\u00e1n le\u00eddo todo el libro <\/strong>(creo, puede que no o que no todo, jeje, no lo s\u00e9), as\u00ed que: \u00a1\u00a1a ver qu\u00e9 pasar\u00e1\u2026 ;D!!<br \/>\nHe pensado en poner en esta entrada una parte del discurso que d\u00ed el pasado domingo en la Feria del Libre, que me parece importante y muy adecuado para este momento. <strong>Besitos y hasta muy pronto ;):<\/strong><br \/>\n<em><br \/>\n\u201cHace varios meses tuve la oportunidad de colaborar con la Campa\u00f1a de Promoci\u00f3n de Voluntariado en J\u00f3venes que la Oficina de Voluntariado est\u00e1 llevando a cabo en Centros Educativos Insulares. <\/p>\n<p>Haber conseguido llegar hasta aqu\u00ed para m\u00ed significa un enorme privilegio, y esta fue una de las principales metas que me marqu\u00e9 en mis inicios como escritora y divulgadora\u2026 El poder llegar a que nuestra educaci\u00f3n reflexione y se embarque en un proceso de concienciaci\u00f3n social que facilite y mejore el acceso de todas personas  hacia la inclusi\u00f3n social a trav\u00e9s de la lectura de  \u201cCon alas en los pies\u201d.<\/p>\n<p>En la cultura he encontrado el mejor canal para trasmitir un mensaje de superaci\u00f3n personal ante las dificultades de la vida, y muestra un lucha constante. <\/p>\n<p>Considero de gran importancia las grandes reflexiones y grandes ense\u00f1anzas que tiene leer mi libro en los j\u00f3venes.<br \/>\nEn los centros a los que he podido asistir he podido corroborarlo, los alumnos han trabajado cap\u00edtulos en las clases: extraen sentimientos, valores, frases significativas y muchas cosas m\u00e1s; es una herramienta m\u00e1s en el quehacer educativo, con el que se puede interactuar y hace que las personas se conciencien para implicarnos todos en los problemas sociales presentes en nuestro contexto. Y as\u00ed logremos luchar para que tanto las barreras f\u00edsicas como las ps\u00edquicas con las que much\u00edsimas personas tenemos que enfrentarnos a diario sigan desapareciendo paulatinamente para construir una mejor sociedad para todos.<\/p>\n<p>Pretendo as\u00ed, que todos tengamos una visi\u00f3n m\u00e1s positiva y normalizada de la discapacidad.<\/p>\n<p>Much\u00edsimas gracias a todos, ahora ir\u00e9 a\u2026 \u201d<\/em><\/p>\n","protected":false},"excerpt":{"rendered":"<p>Este viernes, 10 de junio, ir\u00e9 al Centro Educativo IES de Geneto, en la Calle Domingo Gonz\u00e1lez P\u00e9rez, 11; en Los Bald\u00edos, La Laguna, Tenerife. Dar\u00e9 una charla-coloquio entre las 12.10 hasta las 13.05.Esta vez los alumnos ya se habr\u00e1n &hellip; <a href=\"https:\/\/mariapinobrumberg.com\/blog\/?p=293\">Sigue leyendo <span class=\"meta-nav\">&rarr;<\/span><\/a><\/p>\n","protected":false},"author":1,"featured_media":0,"comment_status":"open","ping_status":"open","sticky":false,"template":"","format":"standard","meta":{"footnotes":""},"categories":[6,3],"tags":[],"class_list":["post-293","post","type-post","status-publish","format-standard","hentry","category-conferenciasponencias","category-entrega-de-libro-en-el-colegio-luthe-king"],"_links":{"self":[{"href":"https:\/\/mariapinobrumberg.com\/blog\/index.php?rest_route=\/wp\/v2\/posts\/293","targetHints":{"allow":["GET"]}}],"collection":[{"href":"https:\/\/mariapinobrumberg.com\/blog\/index.php?rest_route=\/wp\/v2\/posts"}],"about":[{"href":"https:\/\/mariapinobrumberg.com\/blog\/index.php?rest_route=\/wp\/v2\/types\/post"}],"author":[{"embeddable":true,"href":"https:\/\/mariapinobrumberg.com\/blog\/index.php?rest_route=\/wp\/v2\/users\/1"}],"replies":[{"embeddable":true,"href":"https:\/\/mariapinobrumberg.com\/blog\/index.php?rest_route=%2Fwp%2Fv2%2Fcomments&post=293"}],"version-history":[{"count":1,"href":"https:\/\/mariapinobrumberg.com\/blog\/index.php?rest_route=\/wp\/v2\/posts\/293\/revisions"}],"predecessor-version":[{"id":295,"href":"https:\/\/mariapinobrumberg.com\/blog\/index.php?rest_route=\/wp\/v2\/posts\/293\/revisions\/295"}],"wp:attachment":[{"href":"https:\/\/mariapinobrumberg.com\/blog\/index.php?rest_route=%2Fwp%2Fv2%2Fmedia&parent=293"}],"wp:term":[{"taxonomy":"category","embeddable":true,"href":"https:\/\/mariapinobrumberg.com\/blog\/index.php?rest_route=%2Fwp%2Fv2%2Fcategories&post=293"},{"taxonomy":"post_tag","embeddable":true,"href":"https:\/\/mariapinobrumberg.com\/blog\/index.php?rest_route=%2Fwp%2Fv2%2Ftags&post=293"}],"curies":[{"name":"wp","href":"https:\/\/api.w.org\/{rel}","templated":true}]}}