{"id":593,"date":"2011-10-10T13:02:38","date_gmt":"2011-10-10T13:02:38","guid":{"rendered":"https:\/\/mariapinobrumberg.com\/blog\/?p=593"},"modified":"2011-10-10T13:02:38","modified_gmt":"2011-10-10T13:02:38","slug":"%c2%a1%c2%a1nuevo-proyecto-en-el-auge-de-su-desarrollo","status":"publish","type":"post","link":"https:\/\/mariapinobrumberg.com\/blog\/?p=593","title":{"rendered":"\u00a1\u00a1Nuevo proyecto en el auge de su desarrollo!!"},"content":{"rendered":"<p><strong>LA ENIGM\u00c1<a href=\"https:\/\/mariapinobrumberg.com\/blog\/wp-content\/uploads\/2011\/10\/dedianaaaaaaaaaaaaaaaaaaaaaaa.jpg\"><img loading=\"lazy\" decoding=\"async\" class=\"alignleft size-medium wp-image-594\" title=\"dedianaaaaaaaaaaaaaaaaaaaaaaa\" src=\"https:\/\/mariapinobrumberg.com\/blog\/wp-content\/uploads\/2011\/10\/dedianaaaaaaaaaaaaaaaaaaaaaaa-300x225.jpg\" alt=\"\" width=\"300\" height=\"225\" srcset=\"https:\/\/mariapinobrumberg.com\/blog\/wp-content\/uploads\/2011\/10\/dedianaaaaaaaaaaaaaaaaaaaaaaa-300x225.jpg 300w, https:\/\/mariapinobrumberg.com\/blog\/wp-content\/uploads\/2011\/10\/dedianaaaaaaaaaaaaaaaaaaaaaaa.jpg 720w\" sizes=\"auto, (max-width: 300px) 100vw, 300px\" \/><\/a>TICA NOVELA ENTRE EL VIEJO Y EL NUEVO MUNDO, ESCRITA POR PERSONAS EXTRAORDINARIAS QUE SUFREN ATAXIA DE FRIEDREICH<\/strong><\/p>\n<p><strong>Escritores que padecen la enfermedad mancomunan su talento y energ\u00eda para componer una \u00fanica historia conjunta<\/strong><\/p>\n<p>&nbsp;<\/p>\n<p>Comunicado de Prensa<br \/>\nPara publicaci\u00f3n inmediata<\/p>\n<p>Mayo 9 de 2011 \u2013 Escritores afectados por una terrible enfermedad unen sus esfuerzos para escribir conjuntamente una novela especial que se hallar\u00e1 a la venta en las librer\u00edas para recaudar fondos para la investigaci\u00f3n cient\u00edfica. El in\u00e9dito proyecto literario que expresa una multiplicidad de voces ser\u00e1 publicado para luchar contra la ataxia de Friedreich, una enfermedad neuro-degenerativa que afecta implacablemente a muchas personas en todo el mundo y que a\u00fan no tiene cura. No obstante, es una patolog\u00eda \u201cnicho\u201d\u00a0 en la que las compa\u00f1\u00edas farmac\u00e9uticas no invierten. Por ende, los recursos para financiar la investigaci\u00f3n de esta enfermedad provienen de personas que est\u00e1n directa o indirectamente afectadas por la entidad, quienes trabajan voluntariamente. Esta ambiciosa iniciativa comenz\u00f3 gracias a Mar\u00eda Blasco, escritora espa\u00f1ola de 38 a\u00f1os, quien sufre ataxia de Friedreich desde la infancia. Otros escritores de distintas partes del mundo que se han unido al proyecto son Fatima D\u2019Oliveira (Portugal), Marguerite Black (Sud\u00e1frica), Rebecca Stant (Australia), Jamie Leigh Hansen (Estados Unidos),\u00a0 Alessia Mainardi (Italia), Maria Pino Brumberg (Espa\u00f1a), Nicola Batty (Inglaterra),\u00a0 por mencionar s\u00f3lo algunos de ellos.<\/p>\n<p>Cada autor estar\u00e1 a cargo de uno o m\u00e1s cap\u00edtulos en los que ser\u00e1 la voz de un personaje de esta emocionante novela no convencional que permite distintos estilos literarios. Una trama sencilla confiere cohesi\u00f3n a la historia que se despliega durante la novela como el ovillo de Ariadna, enlazando la creatividad y el estilo personal de cada escritor.<br \/>\nUn viaje en el espacio y en el tiempo revelar\u00e1 un misterio: un terrible secreto oculto durante siglos. La historia comienza a mediados del siglo XX en Estados Unidos y luego se retrotrae a la Alemania de principios del siglo IXX. Dos historias en momentos y lugares distintos son as\u00ed narradas en paralelo, para luego converger de la forma m\u00e1s inesperada en un cap\u00edtulo revelador. La ataxia de Friedreich desempe\u00f1a obviamente un papel en ambas historias y se convierte en todo un personaje. La obra ser\u00e1 traducida a varios idiomas por un incre\u00edble equipo de traductores profesionales que colaboran voluntariamente con BabelFAmily, una organizaci\u00f3n internacional cuyo \u00fanico fin es hallar una cura para la ataxia de Friedreich. Los escritores que deseen participar en este proyecto todav\u00eda pueden postularse. Pero las contribuciones literarias no son la \u00fanica forma de participaci\u00f3n que los organizadores persiguen: para apoyar este proyecto y lograr que la novela se publique en varios pa\u00edses ser\u00e1 de importancia crucial entrar en contacto con los medios masivos de comunicaci\u00f3n, as\u00ed como con\u00a0 personalidades y organizaciones del mundo de la cultura, la ciencia, el arte y el deporte. Seg\u00fan los organizadores del proyecto, s\u00f3lo mediante una concientizaci\u00f3n focalizada y a escala mundial, m\u00e1s este abordaje de boca en boca, ser\u00e1 posible alcanzar la meta establecida: lograr que las personas que nunca escucharon hablar de la ataxia de Friedreich tomen conciencia de esta cruel enfermedad, instarlas a que compren el libro y de este modo recaudar fondos para la investigaci\u00f3n cient\u00edfica.<\/p>\n<p>Para ponerse en contacto con los coordinadores del proyecto, s\u00edrvase enviar un email a: <a href=\"mailto:coordination@babelfamily.org\">coordination@babelfamily.org<\/a><\/p>\n","protected":false},"excerpt":{"rendered":"<p>LA ENIGM\u00c1TICA NOVELA ENTRE EL VIEJO Y EL NUEVO MUNDO, ESCRITA POR PERSONAS EXTRAORDINARIAS QUE SUFREN ATAXIA DE FRIEDREICH Escritores que padecen la enfermedad mancomunan su talento y energ\u00eda para componer una \u00fanica historia conjunta &nbsp; Comunicado de Prensa Para &hellip; <a href=\"https:\/\/mariapinobrumberg.com\/blog\/?p=593\">Sigue leyendo <span class=\"meta-nav\">&rarr;<\/span><\/a><\/p>\n","protected":false},"author":1,"featured_media":0,"comment_status":"open","ping_status":"open","sticky":false,"template":"","format":"standard","meta":{"footnotes":""},"categories":[12],"tags":[],"class_list":["post-593","post","type-post","status-publish","format-standard","hentry","category-proyecto-literario-para-recaudar-fondos-para-la-investigacion-de-la-ataxia-de-friedreich"],"_links":{"self":[{"href":"https:\/\/mariapinobrumberg.com\/blog\/index.php?rest_route=\/wp\/v2\/posts\/593","targetHints":{"allow":["GET"]}}],"collection":[{"href":"https:\/\/mariapinobrumberg.com\/blog\/index.php?rest_route=\/wp\/v2\/posts"}],"about":[{"href":"https:\/\/mariapinobrumberg.com\/blog\/index.php?rest_route=\/wp\/v2\/types\/post"}],"author":[{"embeddable":true,"href":"https:\/\/mariapinobrumberg.com\/blog\/index.php?rest_route=\/wp\/v2\/users\/1"}],"replies":[{"embeddable":true,"href":"https:\/\/mariapinobrumberg.com\/blog\/index.php?rest_route=%2Fwp%2Fv2%2Fcomments&post=593"}],"version-history":[{"count":1,"href":"https:\/\/mariapinobrumberg.com\/blog\/index.php?rest_route=\/wp\/v2\/posts\/593\/revisions"}],"predecessor-version":[{"id":595,"href":"https:\/\/mariapinobrumberg.com\/blog\/index.php?rest_route=\/wp\/v2\/posts\/593\/revisions\/595"}],"wp:attachment":[{"href":"https:\/\/mariapinobrumberg.com\/blog\/index.php?rest_route=%2Fwp%2Fv2%2Fmedia&parent=593"}],"wp:term":[{"taxonomy":"category","embeddable":true,"href":"https:\/\/mariapinobrumberg.com\/blog\/index.php?rest_route=%2Fwp%2Fv2%2Fcategories&post=593"},{"taxonomy":"post_tag","embeddable":true,"href":"https:\/\/mariapinobrumberg.com\/blog\/index.php?rest_route=%2Fwp%2Fv2%2Ftags&post=593"}],"curies":[{"name":"wp","href":"https:\/\/api.w.org\/{rel}","templated":true}]}}