{"id":653,"date":"2011-12-05T18:27:27","date_gmt":"2011-12-05T18:27:27","guid":{"rendered":"https:\/\/mariapinobrumberg.com\/blog\/?p=653"},"modified":"2011-12-07T19:53:22","modified_gmt":"2011-12-07T19:53:22","slug":"mi-gran-regalo-de-cumpleanos","status":"publish","type":"post","link":"https:\/\/mariapinobrumberg.com\/blog\/?p=653","title":{"rendered":"Mi gran regalo de cumplea\u00f1os&#8230;"},"content":{"rendered":"<p>El s\u00e1bado fue un d\u00eda muy importante para m\u00ed, mi cumplea\u00f1os y, adem\u00e1s el D\u00eda Internacional de la Discapacidad. Familia, amigos,<br \/>\nfelicitaciones a punta pala jeje, la presentaci\u00f3n del calendario en el M\u00f3naco\u2026<br \/>\nMe sent\u00ed especial y afortunada \ud83d\ude09<\/p>\n<p>Me gustar\u00eda compartir el regalo que m\u00e1s me emocion\u00f3,<br \/>\nsorprendi\u00f3, alegr\u00f3, impact\u00f3\u2026 fue un correo electr\u00f3nico\u2026<\/p>\n<p>Un par de d\u00edas antes, una amiga de Internet, quien segu\u00eda mi primer Space en Internet desde Venezuela \u2013Dayana Mesa- me escribi\u00f3<br \/>\ncont\u00e1ndome que prest\u00f3 mi libro despu\u00e9s de le\u00e9rselo dos veces a una amiga. Por casualidad el libro hab\u00eda ca\u00eddo en manos de una ni\u00f1a de 11 a\u00f1os \u2013Isabel-, que curiosamente padece de una enfermedad incurable \u2013a la que se le llama com\u00fanmente ni\u00f1os de cristal-. El caso es que ella cogi\u00f3 mi libro y no pod\u00eda separarse de \u00e9l, se sent\u00eda identificada y en\u00a0 muchas partes re\u00eda. Me ped\u00eda que contactara con ella pues no se explicaba muchas cosas; y me regal\u00f3 ese bonito<br \/>\nmontaje de fotos. Y as\u00ed lo hice\u2026<\/p>\n<p>&nbsp;<\/p>\n<p>El d\u00eda de mi cumplea\u00f1os me lleg\u00f3 un correo de Dayana<br \/>\ndonde me mandaba unas palabras que me quer\u00eda contar la amiga a la que le prest\u00f3 el libro, con el relato de c\u00f3mo sucedi\u00f3 lo de Isabel y Con alas en los pies:<\/p>\n<p><a href=\"https:\/\/mariapinobrumberg.com\/blog\/wp-content\/uploads\/2011\/12\/Isabel-Venezuela-11-a\u00f1os.png\"><img loading=\"lazy\" decoding=\"async\" class=\"alignleft size-medium wp-image-654\" title=\"Isabel-Venezuela-11 a\u00f1os\" src=\"https:\/\/mariapinobrumberg.com\/blog\/wp-content\/uploads\/2011\/12\/Isabel-Venezuela-11-a\u00f1os-200x300.png\" alt=\"\" width=\"200\" height=\"300\" srcset=\"https:\/\/mariapinobrumberg.com\/blog\/wp-content\/uploads\/2011\/12\/Isabel-Venezuela-11-a\u00f1os-200x300.png 200w, https:\/\/mariapinobrumberg.com\/blog\/wp-content\/uploads\/2011\/12\/Isabel-Venezuela-11-a\u00f1os.png 640w\" sizes=\"auto, (max-width: 200px) 100vw, 200px\" \/><\/a><\/p>\n<p><em>\u00abEn una cola por 4 horas Isa empez\u00f3 a leer su primer libro. Un libro prestado que deje en el carro para ir leyendo durante mis esperas\u00a0 para entrar a rehabilitaci\u00f3n. Isa es mi copiloto y la dj de<br \/>\nmi carro. Sorpresivamente ayer dejo de serlo, sent\u00eda que algo no funcionaba bien con ella, y m\u00e1s en una larga cola. Le hablaba y no respond\u00eda, le ped\u00eda algo y no me lo daba; hasta que le pegue un grito y Isabel reaccion\u00f3, que sacada de onda me dice: \u00a0<\/em><\/p>\n<p><em>\u00a0\u00a0 &lt;disculpa t\u00eda pero es que estoy leyendo este libro que me encontr\u00e9 detr\u00e1s del carro y me parece muy lindo lo que hay ac\u00e1, por cierto t\u00eda \u00bfqu\u00e9 es la ataxia? Bueno t\u00eda ella dice que lo dir\u00e1 mas adelante, espero a que ella lo diga, sigue tu manejando&gt;.<\/em><\/p>\n<p>&nbsp;<\/p>\n<p><em>\u00a0\u00a0\u00a0\u00a0\u00a0\u00a0\u00a0\u00a0\u00a0 Y as\u00ed fue que se dejo envolver en las l\u00edneas del libro, aparte de ser yo la piloto me toc\u00f3 ser la dj y copiloto de mi carro ese d\u00eda. Mientras Isa le\u00eda en la parte de atr\u00e1s del auto, a veces pensaba que me dec\u00eda algo pero no era as\u00ed, era con el libro con quien se expresaba.<\/em><\/p>\n<p>Ahora le escuchas decir estas expresiones mientras lee:<\/p>\n<p><em>\u00a0\u00a0\u00a0\u00a0\u00a0\u00a0\u00a0\u00a0\u00a0 aaayyy!!:,(<\/em><em>\u00a0\u00a0\u00a0\u00a0\u00a0\u00a0\u00a0\u00a0\u00a0 jajaja<br \/>\nqu\u00e9 loquita un bicho <\/em><em>\u2665<\/em><em><br \/>\n<\/em><em>\u00a0\u00a0\u00a0\u00a0\u00a0\u00a0 nooooo!:O<br \/>\nqu\u00e9 mal:(<br \/>\njaja qu\u00e9 risa desde el cuello hasta el culo XD<br \/>\nsu primer beso! <\/em><em>\u2665<\/em><em><br \/>\n<\/em><em>\u00a0\u00a0\u00a0\u00a0\u00a0\u00a0\u00a0\u00a0\u00a0 ahhhhhhh ok ya entend\u00ed \ud83d\ude09<br \/>\nno cree en Dios? Pq con d? :,(<br \/>\nuna bomba? :O<br \/>\nUna chica con una gran mata de pelo apareci\u00f3?\u00a0No\u00a0entiendo<br \/>\ncomo apareci\u00f3 all\u00ed?&#8230;<br \/>\nJe:)<br \/>\nWow Qu\u00e9 linda es <\/em><em>\u2665<\/em><em><br \/>\n<\/em><em>\u00a0\u00a0\u00a0\u00a0\u00a0\u00a0\u00a0\u00a0 Me tiene confundida, tengo que leer otra vez esta parte&#8230;. :S<br \/>\nYa voy por la mitaaaaaaaaaddddd!!!!!! Hurra!<br \/>\nSu barandita :,)<\/em><\/p>\n<p>Y as\u00ed me imagino que ser\u00e1 las preguntas que se har\u00e1 hasta que acabe de leerlo.<\/p>\n<p>Me llena de orgullo que a su edad (11 a\u00f1os) este ley\u00e9ndolo, y se sienta tan complacida, hoy despert\u00f3 pregunt\u00e1ndose si en verdad no cre\u00edas en Dios, piensa que el te ha hecho muy<br \/>\nfuerte y que te ha dado unas hermosas alas para volar&#8230;<\/p>\n<p>Isa naci\u00f3 con enfermedad cong\u00e9nita a la que se llama com\u00fanmente ni\u00f1os de cristal, sinti\u00f3 simpat\u00eda al saber que ella tambi\u00e9n actuaba como t\u00fa a la hora de hacer deporte, hoy en d\u00eda ella esta bien. Yo esperare a que termine ella de leerlo y ver si puedo hacer lo mismo. \u00bb<\/p>\n<p>Esas son palabras de mi amiga, quer\u00eda que supieras c\u00f3mo sucedi\u00f3 todo. Uno de los \u00faltimos comentarios de Isa ayer fue: \u00abjajajajaja yo tambi\u00e9n tengo los pies como unas lanchas jajajajaj\u00bb.<\/p>\n<p>Besos Guap\u00edsima, y espero que estas l\u00edneas y este peque\u00f1o v\u00eddeo sean un hermoso regalo de cumplea\u00f1os&#8230;<\/p>\n<p>Miles de bendiciones desde la Octava Isla!!!!!<\/p>\n<p>&nbsp;<\/p>\n<p>DAYANA<\/p>\n<p>&nbsp;<\/p>\n<p>Y aqu\u00ed les pongo el v\u00eddeo\u2026 Espero que les produzca tanta alegr\u00eda como a m\u00ed\u2026no tengo palabras para describir todo lo que se mueve dentro de m\u00ed al verlo, \u00a1\u00a1desde Venezuela!! Una ni\u00f1a de 11 a\u00f1os aprendiendo de mis palabras, reflexionando entre mis p\u00e1ginas&#8230;<\/p>\n<p>&nbsp;<iframe loading=\"lazy\" width=\"560\" height=\"315\" src=\"http:\/\/www.youtube.com\/embed\/ecRjkw9_crE\" frameborder=\"0\" allowfullscreen><\/iframe><\/p>\n","protected":false},"excerpt":{"rendered":"<p>El s\u00e1bado fue un d\u00eda muy importante para m\u00ed, mi cumplea\u00f1os y, adem\u00e1s el D\u00eda Internacional de la Discapacidad. Familia, amigos, felicitaciones a punta pala jeje, la presentaci\u00f3n del calendario en el M\u00f3naco\u2026 Me sent\u00ed especial y afortunada \ud83d\ude09 Me &hellip; <a href=\"https:\/\/mariapinobrumberg.com\/blog\/?p=653\">Sigue leyendo <span class=\"meta-nav\">&rarr;<\/span><\/a><\/p>\n","protected":false},"author":1,"featured_media":0,"comment_status":"open","ping_status":"open","sticky":false,"template":"","format":"standard","meta":{"footnotes":""},"categories":[3],"tags":[],"class_list":["post-653","post","type-post","status-publish","format-standard","hentry","category-entrega-de-libro-en-el-colegio-luthe-king"],"_links":{"self":[{"href":"https:\/\/mariapinobrumberg.com\/blog\/index.php?rest_route=\/wp\/v2\/posts\/653","targetHints":{"allow":["GET"]}}],"collection":[{"href":"https:\/\/mariapinobrumberg.com\/blog\/index.php?rest_route=\/wp\/v2\/posts"}],"about":[{"href":"https:\/\/mariapinobrumberg.com\/blog\/index.php?rest_route=\/wp\/v2\/types\/post"}],"author":[{"embeddable":true,"href":"https:\/\/mariapinobrumberg.com\/blog\/index.php?rest_route=\/wp\/v2\/users\/1"}],"replies":[{"embeddable":true,"href":"https:\/\/mariapinobrumberg.com\/blog\/index.php?rest_route=%2Fwp%2Fv2%2Fcomments&post=653"}],"version-history":[{"count":4,"href":"https:\/\/mariapinobrumberg.com\/blog\/index.php?rest_route=\/wp\/v2\/posts\/653\/revisions"}],"predecessor-version":[{"id":656,"href":"https:\/\/mariapinobrumberg.com\/blog\/index.php?rest_route=\/wp\/v2\/posts\/653\/revisions\/656"}],"wp:attachment":[{"href":"https:\/\/mariapinobrumberg.com\/blog\/index.php?rest_route=%2Fwp%2Fv2%2Fmedia&parent=653"}],"wp:term":[{"taxonomy":"category","embeddable":true,"href":"https:\/\/mariapinobrumberg.com\/blog\/index.php?rest_route=%2Fwp%2Fv2%2Fcategories&post=653"},{"taxonomy":"post_tag","embeddable":true,"href":"https:\/\/mariapinobrumberg.com\/blog\/index.php?rest_route=%2Fwp%2Fv2%2Ftags&post=653"}],"curies":[{"name":"wp","href":"https:\/\/api.w.org\/{rel}","templated":true}]}}