{"id":75,"date":"2011-02-21T18:14:15","date_gmt":"2011-02-21T18:14:15","guid":{"rendered":"https:\/\/mariapinobrumberg.com\/blog\/?p=75"},"modified":"2011-02-21T18:18:50","modified_gmt":"2011-02-21T18:18:50","slug":"participacion-como-ponente-en-una-mesa-redonda-en","status":"publish","type":"post","link":"https:\/\/mariapinobrumberg.com\/blog\/?p=75","title":{"rendered":"Participaci\u00f3n como ponente en una mesa redonda en&#8230;"},"content":{"rendered":"<p>Este s\u00e1bado se celebran unas jornadas sobre discapacidad f\u00edsica en el municipio de Granadilla, Isla de Tenerife; dentro de las cuales me han invitado para participar en la mesa redonda.<br \/>\nLas plazas son limitadas y si alguien quiere y puede asistir, debe llamar al tel\u00e9fono de contacto que se adjunta en la nota de prensa.<br \/>\nTambi\u00e9n he adjuntado el programa de dichas jornadas en pdf.<br \/>\n\u00a1\u00a1Espero haber volcado la informaci\u00f3n correctamente!!<\/p>\n<p><a href='https:\/\/mariapinobrumberg.com\/blog\/wp-content\/uploads\/2011\/02\/programa-jornadas-granadilla.pdf'>programa-jornadas-granadilla<\/a><strong>Mar\u00eda Pino Brumberg participa el s\u00e1bado 26<br \/>\nen un Encuentro sobre Discapacidad F\u00edsica<br \/>\norganizado por el Ayuntamiento de Granadilla de Abona<\/strong><\/p>\n<p>Ediciones Idea ha publicado recientemente <strong>Con alas en los pies<\/strong>,<br \/>\nla autobiograf\u00eda de esta escritora, paciente de Ataxia de Friedreich<\/p>\n<p>El libro conciencia a sus lectores de las frustraciones diarias<br \/>\nque sufren las personas con movilidad reducida <\/p>\n<p>Mar\u00eda Pino Brumberg -autora de la autobiograf\u00eda Con alas en los pies y paciente de una enfermedad degenerativa gen\u00e9tica rara y, por el momento, incurable, la Ataxia de Friedreich- participar\u00e1 el pr\u00f3ximo s\u00e1bado, 26 de febrero, a las 11:20 horas, en la mesa redonda <strong>\u00abApuntes sobre la situaci\u00f3n actual de las personas con discapacidad f\u00edsica. \u00bfQu\u00e9 podemos hacer para superar las barreras que a\u00fan existen?\u00bb, <\/strong>dentro del Encuentro sobre Discapacidad F\u00edsica, que se celebrar\u00e1 en el Centro Prominsur de Granadilla de Abona. A continuaci\u00f3n, <strong>la escritora firmar\u00e1 ejemplares de su obra. <\/strong>La entrada al Encuentro es libre y gratuita, previa <strong>confirmaci\u00f3n de la asistencia en el tel\u00e9fono: 618381179<\/strong>; o en el correo: encuentrodiscagranadilla@gmail.com.<\/p>\n<p>A trav\u00e9s de su libro, Con alas en los pies, Mar\u00eda Pino Brumberg logra concienciar de las frustraciones y limitaciones que sufren a diario las personas con movilidad reducida y del apoyo que necesitan para integrarse plenamente en la sociedad. El volumen, incluido en la colecci\u00f3n Caj\u00f3n de Sastre de Ediciones Idea, cuenta con un <strong>pr\u00f3logo del escritor Alberto V\u00e1zquez Figueroa<\/strong>, quien apunta: \u00abEn estas p\u00e1ginas conviven una ni\u00f1a so\u00f1adora, una muchacha asustada y una adulta golpeada pero nunca vencida\u00bb. <\/p>\n<p>Mar\u00eda Pino Brumberg relata en su autobiograf\u00eda cada paso atr\u00e1s que le ha hecho dar su enfermedad, la Ataxia de Friedreich. As\u00ed, de caminar con dificultades, pas\u00f3 a usar una muleta, de la muleta a un andador y del andador a la silla de ruedas. Una vez que acepta su enfermedad, Mar\u00eda comienza a luchar con gran tenacidad por la integraci\u00f3n de las personas con discapacidad. <\/p>\n<p>La autora tambi\u00e9n deja constancia de su hiperactividad y su entusiasmo por la vida. Un entusiasmo que le impulsa constantemente a buscar nuevas experiencias, tanto para encontrar su anhelada cura (realizando incluso extra\u00f1os rituales esot\u00e9ricos), como para evadirse de sus problemas y disfrutar de cada momento.<\/p>\n<p>As\u00ed, entre muchas otras actividades, la protagonista ha practicado senderismo con una silla especial, ha competido como nadadora discapacitada, se ha lanzado en parapente y ha sido la primera modelo canaria en silla de ruedas. El volumen incluye dos anexos fotogr\u00e1ficos muy ilustrativos de las experiencias narradas en el mismo.<\/p>\n<p>Alberto V\u00e1zquez Figueroa se\u00f1ala en el pr\u00f3logo de esta primera obra de Mar\u00eda Pino Brumberg: \u00abEste es uno de los libros que m\u00e1s me han fascinado e impresionado de cuantos he le\u00eddo en los \u00faltimos tiempos. Es un relato valiente y sobrecogedor, sobre todo por el hecho de que sale de la pluma de una hermosa muchacha que poco a poco advierte c\u00f3mo se van truncando sus maravillosos sue\u00f1os juveniles pero contin\u00faa luchando con estremecedor coraje intentando mantener intacta toda su fe y todas sus esperanzas\u00bb. <\/p>\n<p><strong>Trayectoria de la autora<\/strong><\/p>\n<p>Mar\u00eda Pino Brumberg naci\u00f3 en Santa Cruz de Tenerife en 1981. Licenciada en Geograf\u00eda por la Universidad de La Laguna, esta joven canaria se ha tenido que enfrentar a una vida limitada por una enfermedad degenerativa, la Ataxia de Friedreich. Paulatinamente, esta autora indomable, se ha ido implicando en el complejo mundo de la discapacidad, en el que destaca por su fuerza, su tes\u00f3n y por su constante capacidad de superaci\u00f3n. Mar\u00eda ha trabajado durante tres a\u00f1os en el Archivo municipal de la integradora Villa de Tegueste. Es nadadora discapacitada en el equipo Ademi Tenerife y columnista en la revista digital www.elblogoferoz.com. Su participaci\u00f3n, pionera en las Islas Canarias, en un desfile de moda desde su silla de ruedas, nos obliga a mirar cara a cara la discapacidad y a plantearnos la necesidad de la integraci\u00f3n en todos los \u00e1mbitos de la vida social. Su l\u00facida autobiograf\u00eda Con alas en los pies, da inicio a su andadura en la literatura contempor\u00e1nea.<\/p>\n<p>Para m\u00e1s informaci\u00f3n:<\/p>\n<p>Tel\u00e9fono de la escritora Mar\u00eda Pino Brumberg: 606 789 400.<\/p>\n<p>Tel\u00e9fono de la responsable de prensa de Ediciones Idea,<\/p>\n<p>Elena Morales: 646 818 316<\/p>\n<p>www.edicionesidea.com<\/p>\n","protected":false},"excerpt":{"rendered":"<p>Este s\u00e1bado se celebran unas jornadas sobre discapacidad f\u00edsica en el municipio de Granadilla, Isla de Tenerife; dentro de las cuales me han invitado para participar en la mesa redonda. Las plazas son limitadas y si alguien quiere y puede &hellip; <a href=\"https:\/\/mariapinobrumberg.com\/blog\/?p=75\">Sigue leyendo <span class=\"meta-nav\">&rarr;<\/span><\/a><\/p>\n","protected":false},"author":1,"featured_media":0,"comment_status":"open","ping_status":"open","sticky":false,"template":"","format":"standard","meta":{"footnotes":""},"categories":[6,7,3],"tags":[],"class_list":["post-75","post","type-post","status-publish","format-standard","hentry","category-conferenciasponencias","category-firmas-de-libro","category-entrega-de-libro-en-el-colegio-luthe-king"],"_links":{"self":[{"href":"https:\/\/mariapinobrumberg.com\/blog\/index.php?rest_route=\/wp\/v2\/posts\/75","targetHints":{"allow":["GET"]}}],"collection":[{"href":"https:\/\/mariapinobrumberg.com\/blog\/index.php?rest_route=\/wp\/v2\/posts"}],"about":[{"href":"https:\/\/mariapinobrumberg.com\/blog\/index.php?rest_route=\/wp\/v2\/types\/post"}],"author":[{"embeddable":true,"href":"https:\/\/mariapinobrumberg.com\/blog\/index.php?rest_route=\/wp\/v2\/users\/1"}],"replies":[{"embeddable":true,"href":"https:\/\/mariapinobrumberg.com\/blog\/index.php?rest_route=%2Fwp%2Fv2%2Fcomments&post=75"}],"version-history":[{"count":4,"href":"https:\/\/mariapinobrumberg.com\/blog\/index.php?rest_route=\/wp\/v2\/posts\/75\/revisions"}],"predecessor-version":[{"id":80,"href":"https:\/\/mariapinobrumberg.com\/blog\/index.php?rest_route=\/wp\/v2\/posts\/75\/revisions\/80"}],"wp:attachment":[{"href":"https:\/\/mariapinobrumberg.com\/blog\/index.php?rest_route=%2Fwp%2Fv2%2Fmedia&parent=75"}],"wp:term":[{"taxonomy":"category","embeddable":true,"href":"https:\/\/mariapinobrumberg.com\/blog\/index.php?rest_route=%2Fwp%2Fv2%2Fcategories&post=75"},{"taxonomy":"post_tag","embeddable":true,"href":"https:\/\/mariapinobrumberg.com\/blog\/index.php?rest_route=%2Fwp%2Fv2%2Ftags&post=75"}],"curies":[{"name":"wp","href":"https:\/\/api.w.org\/{rel}","templated":true}]}}