{"id":923,"date":"2012-10-31T13:18:28","date_gmt":"2012-10-31T13:18:28","guid":{"rendered":"https:\/\/mariapinobrumberg.com\/blog\/?p=923"},"modified":"2012-10-31T13:18:28","modified_gmt":"2012-10-31T13:18:28","slug":"volando-a-presentar-el-exito-de-mi-lucha","status":"publish","type":"post","link":"https:\/\/mariapinobrumberg.com\/blog\/?p=923","title":{"rendered":"\u00a1\u00a1Volando a presentar el \u00e9xito de mi lucha!!"},"content":{"rendered":"<p><a href=\"https:\/\/mariapinobrumberg.com\/blog\/wp-content\/uploads\/2012\/10\/2\u00aa-edici\u00f3n.jpg\"><img loading=\"lazy\" decoding=\"async\" class=\"alignleft size-medium wp-image-925\" title=\"2\u00aa edici\u00f3n\" src=\"https:\/\/mariapinobrumberg.com\/blog\/wp-content\/uploads\/2012\/10\/2\u00aa-edici\u00f3n-225x300.jpg\" alt=\"\" width=\"225\" height=\"300\" srcset=\"https:\/\/mariapinobrumberg.com\/blog\/wp-content\/uploads\/2012\/10\/2\u00aa-edici\u00f3n-225x300.jpg 225w, https:\/\/mariapinobrumberg.com\/blog\/wp-content\/uploads\/2012\/10\/2\u00aa-edici\u00f3n.jpg 480w\" sizes=\"auto, (max-width: 225px) 100vw, 225px\" \/><\/a>YO VINE AQU\u00cd A LUCHAR. \u00a1\u00a1<em>Con alas en los pies<\/em> ha conseguido llegar a 1.500 ejemplares vendidos, y ya est\u00e1 disponible su 2\u00aa edici\u00f3n!!<\/p>\n<p>Esta ma\u00f1ana he recibido una gran alegr\u00eda, muy esperada. \u00a1\u00a1Por fin tengo en mis manos la 2\u00aa edici\u00f3n de mi primer libro, y eso significa que 1.500 han sido comprados y le\u00eddos!! Desde que se public\u00f3, he tenido siempre presente el valor de cada reacci\u00f3n de cada lector que me escribe. Me han dado el impulso para perseverar en mis ganas de que la distribuci\u00f3n del libro se ampliara. He decidido contar con asesor\u00eda t\u00e9cnica y actualizar mi autobiograf\u00eda, renov\u00e1ndola en el fondo y la forma. Me autoedito y me pongo al frente de mi obra.<\/p>\n<p>\u201cYo vine aqu\u00ed a luchar\u201d es el t\u00edtulo del libro que presentar\u00e9 el 3 de diciembre en la Casa de Canarias de Madrid. Su proceso de fabricaci\u00f3n es parte de mi voluntad de tratar de ser emprendedora e independiente, a pesar de todo y de todos; y contar\u00e9 con el lujo de que me presente el escritor Alberto V\u00e1zquez-Figueroa.<\/p>\n<p>\u00a1\u00a1Ya me queda casi un mes para tal aventura!!<\/p>\n<p>\u00a1\u00a1Vuelo a Madrid!!<\/p>\n<p>Espero contar con vuestro apoyo&#8230;<\/p>\n<p><em>\u00a0 Mery\u00a0<\/em>\u00a0\u00a0\u00a0\u00a0\u00a0\u00a0\u00a0\u00a0\u00a0\u00a0\u00a0\u00a0\u00a0\u00a0 <a href=\"https:\/\/mariapinobrumberg.com\/blog\/wp-content\/uploads\/2012\/10\/EL-M\u00cdO1.png\"><img loading=\"lazy\" decoding=\"async\" class=\"alignleft size-thumbnail wp-image-924\" title=\"EL M\u00cdO\" src=\"https:\/\/mariapinobrumberg.com\/blog\/wp-content\/uploads\/2012\/10\/EL-M\u00cdO1-150x132.png\" alt=\"\" width=\"150\" height=\"132\" \/><\/a><\/p>\n","protected":false},"excerpt":{"rendered":"<p>YO VINE AQU\u00cd A LUCHAR. \u00a1\u00a1Con alas en los pies ha conseguido llegar a 1.500 ejemplares vendidos, y ya est\u00e1 disponible su 2\u00aa edici\u00f3n!! Esta ma\u00f1ana he recibido una gran alegr\u00eda, muy esperada. \u00a1\u00a1Por fin tengo en mis manos la &hellip; <a href=\"https:\/\/mariapinobrumberg.com\/blog\/?p=923\">Sigue leyendo <span class=\"meta-nav\">&rarr;<\/span><\/a><\/p>\n","protected":false},"author":1,"featured_media":0,"comment_status":"open","ping_status":"open","sticky":false,"template":"","format":"standard","meta":{"footnotes":""},"categories":[16],"tags":[],"class_list":["post-923","post","type-post","status-publish","format-standard","hentry","category-yo-vine-aqui-a-luchar"],"_links":{"self":[{"href":"https:\/\/mariapinobrumberg.com\/blog\/index.php?rest_route=\/wp\/v2\/posts\/923","targetHints":{"allow":["GET"]}}],"collection":[{"href":"https:\/\/mariapinobrumberg.com\/blog\/index.php?rest_route=\/wp\/v2\/posts"}],"about":[{"href":"https:\/\/mariapinobrumberg.com\/blog\/index.php?rest_route=\/wp\/v2\/types\/post"}],"author":[{"embeddable":true,"href":"https:\/\/mariapinobrumberg.com\/blog\/index.php?rest_route=\/wp\/v2\/users\/1"}],"replies":[{"embeddable":true,"href":"https:\/\/mariapinobrumberg.com\/blog\/index.php?rest_route=%2Fwp%2Fv2%2Fcomments&post=923"}],"version-history":[{"count":1,"href":"https:\/\/mariapinobrumberg.com\/blog\/index.php?rest_route=\/wp\/v2\/posts\/923\/revisions"}],"predecessor-version":[{"id":926,"href":"https:\/\/mariapinobrumberg.com\/blog\/index.php?rest_route=\/wp\/v2\/posts\/923\/revisions\/926"}],"wp:attachment":[{"href":"https:\/\/mariapinobrumberg.com\/blog\/index.php?rest_route=%2Fwp%2Fv2%2Fmedia&parent=923"}],"wp:term":[{"taxonomy":"category","embeddable":true,"href":"https:\/\/mariapinobrumberg.com\/blog\/index.php?rest_route=%2Fwp%2Fv2%2Fcategories&post=923"},{"taxonomy":"post_tag","embeddable":true,"href":"https:\/\/mariapinobrumberg.com\/blog\/index.php?rest_route=%2Fwp%2Fv2%2Ftags&post=923"}],"curies":[{"name":"wp","href":"https:\/\/api.w.org\/{rel}","templated":true}]}}