{"id":977,"date":"2012-11-26T15:03:10","date_gmt":"2012-11-26T15:03:10","guid":{"rendered":"https:\/\/mariapinobrumberg.com\/blog\/?p=977"},"modified":"2012-11-26T15:05:20","modified_gmt":"2012-11-26T15:05:20","slug":"extractos-del-libro-yo-vine-aqui-a-luchar","status":"publish","type":"post","link":"https:\/\/mariapinobrumberg.com\/blog\/?p=977","title":{"rendered":"Extractos del libro \u00abYo vine aqu\u00ed a luchar\u00bb"},"content":{"rendered":"<p><a href=\"https:\/\/mariapinobrumberg.com\/blog\/wp-content\/uploads\/2012\/11\/33-Mi-foto-del-Blogoferoz.jpg\"><img loading=\"lazy\" decoding=\"async\" class=\"alignleft size-medium wp-image-979\" title=\"33)) Mi foto del  Blogoferoz\" src=\"https:\/\/mariapinobrumberg.com\/blog\/wp-content\/uploads\/2012\/11\/33-Mi-foto-del-Blogoferoz-300x200.jpg\" alt=\"\" width=\"300\" height=\"200\" \/><\/a><\/p>\n<p>&#8211; \u201cCuando intentaba enfrentarme al inicio de mi enfermedad, para m\u00ed era como llevar una doble vida. Como Peter Parker en <em>Spiderman,<\/em> en el momento en que le pica la ara\u00f1a venenosa. A m\u00ed me pic\u00f3 la ataxia y adquir\u00ed una personalidad secreta. D\u00eda tras d\u00eda, por los pasillos del colegio, por las escaleras, en el patio, en las clases&#8230; Constru\u00ed un mundo interior privado que me serv\u00eda para sobrellevar lo que ni siquiera sab\u00eda que me estaba ocurriendo. Un d\u00eda le cont\u00e9 esto a una amiga, sentadas las dos en su coche. Nos re\u00edmos much\u00edsimo, trag\u00e1ndonos las l\u00e1grimas, cuando ca\u00edmos en la cuenta de que, seg\u00fan esa met\u00e1fora, yo era una superhero\u00edna\u201d.<\/p>\n<p><strong>\u00a0&#8211; <\/strong>\u201cUn d\u00eda cualquiera mi madre y yo est\u00e1bamos en la sala de espera del m\u00e9dico. Despu\u00e9s de horas me toc\u00f3 entrar; ella me pregunt\u00f3 si quer\u00eda que me acompa\u00f1ase y dije que no. Me levant\u00e9 de la silla, insegura, vi lo que me costaba llegar a la consulta&#8230; y se me cay\u00f3 el mundo encima. Me arm\u00e9 de valor y le pregunt\u00e9 al m\u00e9dico c\u00f3mo pedir una silla de ruedas. \u00c9l se qued\u00f3 impresionado por mi firmeza. Yo tambi\u00e9n.<\/p>\n<p>Confiaba en que la conversaci\u00f3n no fuera a m\u00e1s, porque en estos casos siempre me sobrepasaba la tristeza. Pero el m\u00e9dico se interes\u00f3 por c\u00f3mo me sent\u00eda. Entre l\u00e1grimas, dije: \u2014\u00daltimamente no muy bien, la verdad\u2014. Me sugiri\u00f3 que pidiera cita para la psic\u00f3loga, lo pens\u00e9 y respond\u00ed que s\u00ed. Y de repente me hizo una pregunta como una bofetada:<\/p>\n<p>\u2014\u00bfPiensas alguna vez en suicidarte?<\/p>\n<p>Dej\u00e9 de llorar y lo mir\u00e9, at\u00f3nita.<\/p>\n<p>\u2014Joder, tampoco es para tanto\u201d.<\/p>\n<p>&nbsp;<\/p>\n<p>&#8211; \u201cMe imagino cu\u00e1nto me facilitar\u00eda la vida que los sitios a los que voy no estuvieran plagados de escaleras, puertas estrechas, baches, sillas inc\u00f3modas&#8230; He aprendido a no dejar que esos pensamientos me limiten m\u00e1s. Esto es muy f\u00e1cil decirlo, lo dif\u00edcil es aplicarlo a la vida. Yo intento aplicarlo a la m\u00eda, d\u00eda a d\u00eda, y cuesta. No siempre lo consigo.<\/p>\n<p>A pesar de todas las limitaciones, vuelvo a salir. Tengo dificultades y necesito ayuda. Las personas discapacitadas tenemos que pedir ayuda. Yo tengo la suerte de contar con ella; los que no la tienen, griten pidi\u00e9ndola, a profesionales, a sus allegados\u2026 No hay que avergonzarse de pedir ayuda, de pedir amor. Hay que salir de casa y pedir auxilio. Se pueden hacer tantas cosas que merecen la pena, ir a tantos sitios, conocer a tantas\u00a0 personas&#8230; No es com\u00fan que te presten ayuda de la manera que esperas\u201d.<\/p>\n<p><em>\u00a0\u00a0\u00a0\u00a0\u00a0\u00a0\u00a0 Mery\u00a0\u00a0\u00a0\u00a0\u00a0\u00a0\u00a0\u00a0\u00a0\u00a0\u00a0\u00a0\u00a0\u00a0\u00a0\u00a0 <a href=\"https:\/\/mariapinobrumberg.com\/blog\/wp-content\/uploads\/2012\/11\/EL-M\u00cdO3.png\"><img loading=\"lazy\" decoding=\"async\" class=\"alignleft size-thumbnail wp-image-978\" title=\"EL M\u00cdO\" src=\"https:\/\/mariapinobrumberg.com\/blog\/wp-content\/uploads\/2012\/11\/EL-M\u00cdO3-150x132.png\" alt=\"\" width=\"150\" height=\"132\" \/><\/a><\/em><\/p>\n","protected":false},"excerpt":{"rendered":"<p>&#8211; \u201cCuando intentaba enfrentarme al inicio de mi enfermedad, para m\u00ed era como llevar una doble vida. Como Peter Parker en Spiderman, en el momento en que le pica la ara\u00f1a venenosa. A m\u00ed me pic\u00f3 la ataxia y adquir\u00ed &hellip; <a href=\"https:\/\/mariapinobrumberg.com\/blog\/?p=977\">Sigue leyendo <span class=\"meta-nav\">&rarr;<\/span><\/a><\/p>\n","protected":false},"author":1,"featured_media":0,"comment_status":"open","ping_status":"open","sticky":false,"template":"","format":"standard","meta":{"footnotes":""},"categories":[16],"tags":[],"class_list":["post-977","post","type-post","status-publish","format-standard","hentry","category-yo-vine-aqui-a-luchar"],"_links":{"self":[{"href":"https:\/\/mariapinobrumberg.com\/blog\/index.php?rest_route=\/wp\/v2\/posts\/977","targetHints":{"allow":["GET"]}}],"collection":[{"href":"https:\/\/mariapinobrumberg.com\/blog\/index.php?rest_route=\/wp\/v2\/posts"}],"about":[{"href":"https:\/\/mariapinobrumberg.com\/blog\/index.php?rest_route=\/wp\/v2\/types\/post"}],"author":[{"embeddable":true,"href":"https:\/\/mariapinobrumberg.com\/blog\/index.php?rest_route=\/wp\/v2\/users\/1"}],"replies":[{"embeddable":true,"href":"https:\/\/mariapinobrumberg.com\/blog\/index.php?rest_route=%2Fwp%2Fv2%2Fcomments&post=977"}],"version-history":[{"count":3,"href":"https:\/\/mariapinobrumberg.com\/blog\/index.php?rest_route=\/wp\/v2\/posts\/977\/revisions"}],"predecessor-version":[{"id":981,"href":"https:\/\/mariapinobrumberg.com\/blog\/index.php?rest_route=\/wp\/v2\/posts\/977\/revisions\/981"}],"wp:attachment":[{"href":"https:\/\/mariapinobrumberg.com\/blog\/index.php?rest_route=%2Fwp%2Fv2%2Fmedia&parent=977"}],"wp:term":[{"taxonomy":"category","embeddable":true,"href":"https:\/\/mariapinobrumberg.com\/blog\/index.php?rest_route=%2Fwp%2Fv2%2Fcategories&post=977"},{"taxonomy":"post_tag","embeddable":true,"href":"https:\/\/mariapinobrumberg.com\/blog\/index.php?rest_route=%2Fwp%2Fv2%2Ftags&post=977"}],"curies":[{"name":"wp","href":"https:\/\/api.w.org\/{rel}","templated":true}]}}